{"id":2938,"date":"2024-07-04T14:51:41","date_gmt":"2024-07-04T17:51:41","guid":{"rendered":"https:\/\/diarioparanaense.com\/?p=2938"},"modified":"2024-07-04T14:51:42","modified_gmt":"2024-07-04T17:51:42","slug":"microfioterapia-e-essencial-para-terceira-idade","status":"publish","type":"post","link":"https:\/\/diarioparanaense.com\/?p=2938","title":{"rendered":"Microfioterapia \u00e9 essencial para terceira idade"},"content":{"rendered":"\n<p class=\"has-medium-font-size\">Formas de cuidar de quem sempre cuidou de voc\u00ea<\/p>\n\n\n\n<p>No Dia dos Av\u00f3s, \u00e9 importante pensar sobre como cuidar daqueles que tanto se dedicaram \u00e0s suas fam\u00edlias e ao trabalho ao longo da vida. A terceira idade \u00e9 um momento da vida onde nosso corpo e mente come\u00e7am a mudar de uma forma \u00fanica, e isso exige aten\u00e7\u00e3o especial para garantir bem-estar e qualidade de vida. Uma das t\u00e9cnicas que tem se destacado nesse contexto \u00e9 a microfisioterapia, uma pr\u00e1tica que, embora ainda pouco conhecida, oferece benef\u00edcios significativos para a sa\u00fade dos idosos.<\/p>\n\n\n\n<p>\u00c0 medida que envelhecemos, nosso organismo passa por um processo natural de desacelera\u00e7\u00e3o na renova\u00e7\u00e3o e na organiza\u00e7\u00e3o celular. A t\u00e9cnica homeop\u00e1tica de microfisioterapia visa estimular o corpo a buscar suas repara\u00e7\u00f5es de maneira mais eficiente, promovendo al\u00edvio de sintomas e melhoria na qualidade de vida.<\/p>\n\n\n\n<p>De acordo com a Organiza\u00e7\u00e3o Mundial da Sa\u00fade (OMS), cerca de 20% dos idosos sofrem de depress\u00e3o, uma condi\u00e7\u00e3o que pode abrir portas para uma s\u00e9rie de outras doen\u00e7as. &#8220;Al\u00e9m disso, o peso dos traumas acumulados ao longo dos anos pode intensificar problemas de sa\u00fade. A microfisioterapia pode ser uma ferramenta valiosa para tratar essas quest\u00f5es, ajudando a aliviar dores f\u00edsicas e emocionais, proporcionando mais disposi\u00e7\u00e3o, \u00e2nimo e bem-estar&#8221;, diz a fisioterapeuta especializada em microfisioterapia P\u00e9rcya Bacilla Nery.<\/p>\n\n\n\n<p>&#8220;Al\u00e9m disso os benef\u00edcios da microfisioterapia s\u00e3o amplos e abrangem diversas disfun\u00e7\u00f5es comuns na terceira idade, como processos degenerativos avan\u00e7ados, artroses, artrites, problemas de concentra\u00e7\u00e3o e mem\u00f3ria, disfun\u00e7\u00f5es gastrointestinais, s\u00edndromes intestinais, intoler\u00e2ncias alimentares, processos al\u00e9rgicos e altera\u00e7\u00f5es de press\u00e3o arterial e diabetes. Al\u00e9m disso, muitos idosos relatam melhora na qualidade do sono, na disposi\u00e7\u00e3o di\u00e1ria e na coordena\u00e7\u00e3o motora ap\u00f3s as sess\u00f5es&#8221;, diz a fisioterapeuta.<\/p>\n\n\n\n<p>O tratamento \u00e9 especialmente ben\u00e9fico para aqueles que enfrentam medos, p\u00e2nicos, depress\u00e3o ou ansiedade, condi\u00e7\u00f5es que podem se manifestar com maior intensidade na terceira idade. A microfisioterapia trata o corpo de forma hol\u00edstica, abordando tanto os processos f\u00edsicos quanto os psicossom\u00e1ticos, promovendo uma renova\u00e7\u00e3o integral do organismo.<\/p>\n\n\n\n<p>Portanto, no Dia dos Av\u00f3s, ao celebrarmos a sabedoria e as experi\u00eancias de vida que nossos av\u00f3s nos proporcionam, \u00e9 essencial considerar a microfisioterapia como uma op\u00e7\u00e3o para melhorar sua qualidade de vida. Essa t\u00e9cnica pode ser a chave para que vivam essa fase de forma mais leve, com sa\u00fade e alegria, aproveitando ao m\u00e1ximo seus momentos e a companhia de seus entes queridos.<\/p>\n\n\n\n<p>Servi\u00e7o: Percyafisio<br>Dra P\u00e9rcya Bacilla Nery<br>Fisioterapeuta<br>(41) 99181-9944<br>@percya.fisio<br>bacillanery@yahoo.com.br<br><a href=\"https:\/\/percyafisio.com.br\n\">https:\/\/percyafisio.com.br<br><\/a>Rua Lamenha Lins, 266 , Cj. 56 \u2013 Centro<br>CEP 80250-020\u00a0\u2013\u00a0Curitiba\u00a0\u2013\u00a0PR<\/p>\n","protected":false},"excerpt":{"rendered":"<p>Formas de cuidar de quem sempre cuidou de voc\u00ea No Dia dos Av\u00f3s, \u00e9 importante pensar sobre como cuidar daqueles que tanto se dedicaram \u00e0s suas fam\u00edlias e ao trabalho ao longo da vida. A terceira idade \u00e9 um momento da vida onde nosso corpo e mente come\u00e7am a mudar de uma forma \u00fanica, e [&hellip;]<\/p>\n","protected":false},"author":1,"featured_media":2952,"comment_status":"open","ping_status":"open","sticky":false,"template":"","format":"standard","meta":{"footnotes":""},"categories":[1],"tags":[],"class_list":["post-2938","post","type-post","status-publish","format-standard","has-post-thumbnail","hentry","category-sem-categoria"],"_links":{"self":[{"href":"https:\/\/diarioparanaense.com\/index.php?rest_route=\/wp\/v2\/posts\/2938","targetHints":{"allow":["GET"]}}],"collection":[{"href":"https:\/\/diarioparanaense.com\/index.php?rest_route=\/wp\/v2\/posts"}],"about":[{"href":"https:\/\/diarioparanaense.com\/index.php?rest_route=\/wp\/v2\/types\/post"}],"author":[{"embeddable":true,"href":"https:\/\/diarioparanaense.com\/index.php?rest_route=\/wp\/v2\/users\/1"}],"replies":[{"embeddable":true,"href":"https:\/\/diarioparanaense.com\/index.php?rest_route=%2Fwp%2Fv2%2Fcomments&post=2938"}],"version-history":[{"count":1,"href":"https:\/\/diarioparanaense.com\/index.php?rest_route=\/wp\/v2\/posts\/2938\/revisions"}],"predecessor-version":[{"id":2953,"href":"https:\/\/diarioparanaense.com\/index.php?rest_route=\/wp\/v2\/posts\/2938\/revisions\/2953"}],"wp:featuredmedia":[{"embeddable":true,"href":"https:\/\/diarioparanaense.com\/index.php?rest_route=\/wp\/v2\/media\/2952"}],"wp:attachment":[{"href":"https:\/\/diarioparanaense.com\/index.php?rest_route=%2Fwp%2Fv2%2Fmedia&parent=2938"}],"wp:term":[{"taxonomy":"category","embeddable":true,"href":"https:\/\/diarioparanaense.com\/index.php?rest_route=%2Fwp%2Fv2%2Fcategories&post=2938"},{"taxonomy":"post_tag","embeddable":true,"href":"https:\/\/diarioparanaense.com\/index.php?rest_route=%2Fwp%2Fv2%2Ftags&post=2938"}],"curies":[{"name":"wp","href":"https:\/\/api.w.org\/{rel}","templated":true}]}}