{"id":2937,"date":"2024-07-04T14:52:36","date_gmt":"2024-07-04T17:52:36","guid":{"rendered":"https:\/\/diarioparanaense.com\/?p=2937"},"modified":"2024-07-04T14:52:37","modified_gmt":"2024-07-04T17:52:37","slug":"saude-mental-no-dia-dos-avos","status":"publish","type":"post","link":"https:\/\/diarioparanaense.com\/?p=2937","title":{"rendered":"Sa\u00fade Mental no Dia dos Av\u00f3s"},"content":{"rendered":"\n<p class=\"has-medium-font-size\">Como Cada Fase da Vida Afeta Nosso Psicol\u00f3gico<\/p>\n\n\n\n<p>Com os avan\u00e7os da medicina prolongando a expectativa de vida, a popula\u00e7\u00e3o idosa cresce de maneira significativa. Neste Dia dos Av\u00f3s, precisamos entender que esse aumento traz consigo novos desafios, entre os quais se destaca a necessidade de cuidar da sa\u00fade mental dessas pessoas. Enfrentar o envelhecimento com qualidade de vida inclui lidar com as complexas demandas emocionais que surgem nesta fase, e a terapia pode desempenhar um papel fundamental nesse processo. Para entender melhor, pedimos ajuda do psic\u00f3logo Luti Christ\u00f3foro, que traz informa\u00e7\u00f5es sobre o assunto.<\/p>\n\n\n\n<p>Os idosos enfrentam uma s\u00e9rie de mudan\u00e7as profundas e muitas vezes dolorosas, como a perda de um c\u00f4njuge, a aposentadoria ou a diminui\u00e7\u00e3o das fun\u00e7\u00f5es sensoriais e motoras. Al\u00e9m disso, a r\u00e1pida evolu\u00e7\u00e3o tecnol\u00f3gica pode contribuir para um sentimento de inutilidade, pois, ao contr\u00e1rio das gera\u00e7\u00f5es passadas, os idosos de hoje n\u00e3o s\u00e3o mais vistos automaticamente como fontes prim\u00e1rias de sabedoria. Em vez disso, muitas vezes s\u00e3o os jovens que ensinam os mais velhos a navegar no mundo digital.<\/p>\n\n\n\n<p>Por\u00e9m, \u00e9 importante que os jovens valorizem o conhecimento e a experi\u00eancia de vida das pessoas mais velhas. Infelizmente, muitos jovens acabam sendo arrogantes e n\u00e3o respeitam a sabedoria acumulada dos idosos, subestimando seu valor. Este comportamento pode aumentar o sentimento de inutilidade e isolamento entre os mais velhos. Promover o respeito intergeracional e o reconhecimento da import\u00e2ncia das experi\u00eancias de vida dos idosos \u00e9 fundamental para fortalecer os v\u00ednculos familiares e melhorar a sa\u00fade mental de todas as gera\u00e7\u00f5es.<\/p>\n\n\n\n<p>Como diz o psic\u00f3logo Luti Christ\u00f3foro, &#8220;esses fatores podem gerar sentimentos de fragilidade e desencadear problemas emocionais, como a depress\u00e3o. O cuidado com a sa\u00fade mental \u00e9, portanto, essencial para a manuten\u00e7\u00e3o da qualidade de vida na terceira idade. A ajuda profissional de um psic\u00f3logo pode ser crucial para que os idosos compreendam que a velhice n\u00e3o \u00e9 o fim, mas uma nova fase da vida que pode ser vivida com prop\u00f3sito e satisfa\u00e7\u00e3o&#8221;.<\/p>\n\n\n\n<p>A psicoeduca\u00e7\u00e3o, conduzida por um psic\u00f3logo, pode ajudar a desmistificar pensamentos negativos e fornecer estrat\u00e9gias cognitivas para encontrar motiva\u00e7\u00e3o na rotina di\u00e1ria. Muitos idosos acreditam que n\u00e3o s\u00e3o capazes de mudar, mas com confian\u00e7a e pr\u00e1tica, podem alterar cren\u00e7as disfuncionais e melhorar sua qualidade de vida. Diferenciar entre limita\u00e7\u00f5es reais e percebidas \u00e9 um aspecto importante do processo terap\u00eautico.<\/p>\n\n\n\n<p>&#8220;Para maximizar a efic\u00e1cia das sess\u00f5es de terapia, algumas adapta\u00e7\u00f5es podem ser necess\u00e1rias, como usar fontes maiores nos materiais de plano de a\u00e7\u00e3o e fazer resumos frequentes dos pontos mais importantes. Em certos casos, o atendimento domiciliar e a participa\u00e7\u00e3o da fam\u00edlia no processo terap\u00eautico tamb\u00e9m s\u00e3o fundamentais&#8221;, explica o psic\u00f3logo.<\/p>\n\n\n\n<p>A terapia busca melhorar aspectos cruciais como pertencimento, autonomia, valor e aceita\u00e7\u00e3o. A autonomia, muitas vezes comprometida na velhice por limita\u00e7\u00f5es reais ou cren\u00e7as irracionais, pode ser recuperada atrav\u00e9s de uma an\u00e1lise cuidadosa e de estrat\u00e9gias desenvolvidas em conjunto com o terapeuta. Sentir-se \u00fatil e valorizado \u00e9 essencial para o bem-estar do idoso, e a terapia pode ajudar a redescobrir esses sentimentos.<\/p>\n\n\n\n<p>Uma estrat\u00e9gia eficaz tem sido o treino de habilidades sociais, incentivando os idosos a estabelecer ou retomar relacionamentos e buscar atividades prazerosas. Grupos de terapia para idosos tamb\u00e9m t\u00eam mostrado bons resultados, ajudando a combater a solid\u00e3o e promover intera\u00e7\u00f5es sociais positivas.<\/p>\n\n\n\n<p>Trabalhar com cren\u00e7as geracionais e entender o impacto das experi\u00eancias de vida do idoso s\u00e3o partes importantes do tratamento. Muitos idosos veem a velhice de forma negativa, o que pode agravar problemas psicol\u00f3gicos como a depress\u00e3o. A ades\u00e3o ao tratamento \u00e9 um desafio, mas envolver o idoso de maneira colaborativa e valorizar cada pequeno progresso pode facilitar o processo terap\u00eautico.<\/p>\n\n\n\n<p>Cuidar da sa\u00fade mental dos idosos \u00e9 crucial para garantir que possam viver esta fase da vida com dignidade e qualidade. A terapia oferece ferramentas e estrat\u00e9gias para enfrentar os desafios do envelhecimento, ajudando os idosos a manterem sua autonomia, sentido de valor e pertencimento. Assim, podem redescobrir um prop\u00f3sito e viver plenamente, independentemente da idade.<\/p>\n\n\n\n<p>Servi\u00e7o:<br><strong>Luti Christ\u00f3foro<br><\/strong>Psic\u00f3logo cl\u00ednico com especializa\u00e7\u00e3o em psicologia anal\u00edtica.<br>WhatsApp: (41) 99809-8887<br>Instagram: @luti_psicologo<br>E-mail: lutipsicologo@gmail.com<\/p>\n","protected":false},"excerpt":{"rendered":"<p>Como Cada Fase da Vida Afeta Nosso Psicol\u00f3gico Com os avan\u00e7os da medicina prolongando a expectativa de vida, a popula\u00e7\u00e3o idosa cresce de maneira significativa. Neste Dia dos Av\u00f3s, precisamos entender que esse aumento traz consigo novos desafios, entre os quais se destaca a necessidade de cuidar da sa\u00fade mental dessas pessoas. Enfrentar o envelhecimento [&hellip;]<\/p>\n","protected":false},"author":1,"featured_media":2956,"comment_status":"open","ping_status":"open","sticky":false,"template":"","format":"standard","meta":{"footnotes":""},"categories":[164],"tags":[],"class_list":["post-2937","post","type-post","status-publish","format-standard","has-post-thumbnail","hentry","category-saude-2"],"_links":{"self":[{"href":"https:\/\/diarioparanaense.com\/index.php?rest_route=\/wp\/v2\/posts\/2937","targetHints":{"allow":["GET"]}}],"collection":[{"href":"https:\/\/diarioparanaense.com\/index.php?rest_route=\/wp\/v2\/posts"}],"about":[{"href":"https:\/\/diarioparanaense.com\/index.php?rest_route=\/wp\/v2\/types\/post"}],"author":[{"embeddable":true,"href":"https:\/\/diarioparanaense.com\/index.php?rest_route=\/wp\/v2\/users\/1"}],"replies":[{"embeddable":true,"href":"https:\/\/diarioparanaense.com\/index.php?rest_route=%2Fwp%2Fv2%2Fcomments&post=2937"}],"version-history":[{"count":1,"href":"https:\/\/diarioparanaense.com\/index.php?rest_route=\/wp\/v2\/posts\/2937\/revisions"}],"predecessor-version":[{"id":2957,"href":"https:\/\/diarioparanaense.com\/index.php?rest_route=\/wp\/v2\/posts\/2937\/revisions\/2957"}],"wp:featuredmedia":[{"embeddable":true,"href":"https:\/\/diarioparanaense.com\/index.php?rest_route=\/wp\/v2\/media\/2956"}],"wp:attachment":[{"href":"https:\/\/diarioparanaense.com\/index.php?rest_route=%2Fwp%2Fv2%2Fmedia&parent=2937"}],"wp:term":[{"taxonomy":"category","embeddable":true,"href":"https:\/\/diarioparanaense.com\/index.php?rest_route=%2Fwp%2Fv2%2Fcategories&post=2937"},{"taxonomy":"post_tag","embeddable":true,"href":"https:\/\/diarioparanaense.com\/index.php?rest_route=%2Fwp%2Fv2%2Ftags&post=2937"}],"curies":[{"name":"wp","href":"https:\/\/api.w.org\/{rel}","templated":true}]}}