{"id":2916,"date":"2024-07-04T13:58:34","date_gmt":"2024-07-04T16:58:34","guid":{"rendered":"https:\/\/diarioparanaense.com\/?p=2916"},"modified":"2024-07-04T13:58:34","modified_gmt":"2024-07-04T16:58:34","slug":"o-dia-dos-avos-26-07-destaca-as-dores-da-terceira-idade","status":"publish","type":"post","link":"https:\/\/diarioparanaense.com\/?p=2916","title":{"rendered":"O dia dos av\u00f3s (26\/07) destaca as dores da terceira idade"},"content":{"rendered":"\n<p class=\"has-medium-font-size\">Tratamentos n\u00e3o podem ser apenas f\u00edsicos tem que ser mentais tamb\u00e9m<\/p>\n\n\n\n<p>No Dia dos Av\u00f3s(26\/07), \u00e9 essencial refletirmos sobre as dificuldades enfrentadas na terceira idade, especialmente as dores e problemas de sa\u00fade que se tornam mais comuns com o passar dos anos. &#8220;De acordo com a Sociedade Brasileira de Angiologia e Cirurgia Vascular (SBACV), os problemas vasculares s\u00e3o significativamente mais frequentes entre os idosos, afetando cerca de 70% das pessoas acima de 70 anos com varizes&#8221;, diz o gestor cl\u00ednico Geraldo Cardoso.<\/p>\n\n\n\n<p>As varizes, por exemplo, s\u00e3o causadas pelo enfraquecimento das paredes venosas, resultando em dor, incha\u00e7o e sensa\u00e7\u00e3o de peso nas pernas. Se n\u00e3o tratadas, essas condi\u00e7\u00f5es podem evoluir para complica\u00e7\u00f5es mais s\u00e9rias, como tromboses e \u00falceras. Para evitar essas evolu\u00e7\u00f5es Geraldo Cardoso gestor cl\u00ednico da Cl\u00ednica O\u00e1sis comenta que, &#8220;a argila quente, a geoterapia \u00e9 eficaz para reduzir dores musculares e tens\u00f5es devido \u00e0s suas propriedades anti-inflamat\u00f3rias. Essa t\u00e9cnica \u00e9 particularmente \u00fatil contra varizes, dores nas costas e nas pernas, ajudando no relaxamento e facilitando o alongamento&#8221;, diz o especialista.<\/p>\n\n\n\n<p>Outro grande problema \u00e9 a hipertens\u00e3o arterial sist\u00eamica que \u00e9 prevalente entre os idosos e representa um significativo risco cardiovascular. Estudos indicam que ap\u00f3s os 55 anos, 90% das pessoas desenvolvem hipertens\u00e3o, com a press\u00e3o arterial sist\u00f3lica sendo um fator de risco crucial. E a diabetes, que afeta mais de 13 milh\u00f5es de brasileiros e pode levar a complica\u00e7\u00f5es graves, incluindo problemas card\u00edacos e vasculares.<\/p>\n\n\n\n<p>Para enfrentar esses desafios, Geraldo Cardoso e a Cl\u00ednica O\u00e1sis oferecem tratamentos que combinam pr\u00e1ticas tradicionais e alternativas. Entre eles, a fitoterapia utiliza subst\u00e2ncias naturais de plantas para desenvolver medicamentos que auxiliam no tratamento de diversas condi\u00e7\u00f5es. A nutri\u00e7\u00e3o cl\u00ednica funcional \u00e9 outra abordagem, focando na individualidade bioqu\u00edmica e na sa\u00fade como vitalidade positiva. Atrav\u00e9s de dietas personalizadas, \u00e9 poss\u00edvel tratar desequil\u00edbrios nutricionais e melhorar a qualidade de vida dos idosos. Complementando esses tratamentos, a medita\u00e7\u00e3o espiritual, baseada em princ\u00edpios b\u00edblicos, ajuda a promover a felicidade e o bem-estar, conectando os pacientes com a natureza e a espiritualidade.<\/p>\n\n\n\n<p>&#8220;Al\u00e9m dos tratamentos, a preven\u00e7\u00e3o \u00e9 fundamental. Mudan\u00e7as no estilo de vida, como a pr\u00e1tica regular de exerc\u00edcios f\u00edsicos e uma dieta equilibrada, podem prevenir muitos problemas de sa\u00fade comuns na terceira idade. \u00c9 recomend\u00e1vel que os idosos mantenham um peso adequado e evite permanecer por longos per\u00edodos na mesma posi\u00e7\u00e3o para garantir uma circula\u00e7\u00e3o sangu\u00ednea adequada&#8221;, diz Geraldo Cardoso.<\/p>\n\n\n\n<p>Por \u00faltimo devemos lembrar que tratamentos em cl\u00ednicas como a O\u00e1sis, s\u00e3o normalmente feitos em conjunto, mesmo que existam salas privadas, o v\u00ednculo criado ao ver outras pessoas que muitas vezes tem o mesmo problema que voc\u00ea e tamb\u00e9m est\u00e3o lutando para melhorar traz um sentimento de pertencimento que \u00e9 necess\u00e1rio na terceira idade, muitas pessoas na terceira idade tem dificuldade em fazer amigos e s\u00e3o deixados de lado devido os compromissos da fam\u00edlia causando uma grande solid\u00e3o, isso apenas dificulta ainda mais a melhoria da sa\u00fade e combate contra doen\u00e7as.<\/p>\n\n\n\n<p>Neste Dia dos Av\u00f3s, ao celebrarmos a sabedoria e a experi\u00eancia das pessoas mais idosas , devemos tamb\u00e9m nos lembrar da import\u00e2ncia de cuidar da sa\u00fade deles. \u00c9 necess\u00e1rio estar comprometido para ir em busca de tratamentos que melhorem a qualidade de vida, ajudando-os a enfrentar as dores e os desafios dessa fase com mais conforto e bem-estar.<\/p>\n\n\n\n<p>Servi\u00e7o: Cl\u00ednica O\u00e1sis Paranaense<br>Geraldo Cardoso<br>Gestor cl\u00ednico<br>(11)9 8500-6393<br>Joel.dahora@hotmail.com www.oasisparanaense.com.br<br>Rua Frei Jacinto Govaski, 707 &#8211; Botiatuba, Almirante&nbsp;Tamandar\u00e9&nbsp;&#8211;&nbsp;PR<\/p>\n","protected":false},"excerpt":{"rendered":"<p>Tratamentos n\u00e3o podem ser apenas f\u00edsicos tem que ser mentais tamb\u00e9m No Dia dos Av\u00f3s(26\/07), \u00e9 essencial refletirmos sobre as dificuldades enfrentadas na terceira idade, especialmente as dores e problemas de sa\u00fade que se tornam mais comuns com o passar dos anos. &#8220;De acordo com a Sociedade Brasileira de Angiologia e Cirurgia Vascular (SBACV), os [&hellip;]<\/p>\n","protected":false},"author":1,"featured_media":2923,"comment_status":"open","ping_status":"open","sticky":false,"template":"","format":"standard","meta":{"footnotes":""},"categories":[29],"tags":[],"class_list":["post-2916","post","type-post","status-publish","format-standard","has-post-thumbnail","hentry","category-artigos"],"_links":{"self":[{"href":"https:\/\/diarioparanaense.com\/index.php?rest_route=\/wp\/v2\/posts\/2916","targetHints":{"allow":["GET"]}}],"collection":[{"href":"https:\/\/diarioparanaense.com\/index.php?rest_route=\/wp\/v2\/posts"}],"about":[{"href":"https:\/\/diarioparanaense.com\/index.php?rest_route=\/wp\/v2\/types\/post"}],"author":[{"embeddable":true,"href":"https:\/\/diarioparanaense.com\/index.php?rest_route=\/wp\/v2\/users\/1"}],"replies":[{"embeddable":true,"href":"https:\/\/diarioparanaense.com\/index.php?rest_route=%2Fwp%2Fv2%2Fcomments&post=2916"}],"version-history":[{"count":1,"href":"https:\/\/diarioparanaense.com\/index.php?rest_route=\/wp\/v2\/posts\/2916\/revisions"}],"predecessor-version":[{"id":2924,"href":"https:\/\/diarioparanaense.com\/index.php?rest_route=\/wp\/v2\/posts\/2916\/revisions\/2924"}],"wp:featuredmedia":[{"embeddable":true,"href":"https:\/\/diarioparanaense.com\/index.php?rest_route=\/wp\/v2\/media\/2923"}],"wp:attachment":[{"href":"https:\/\/diarioparanaense.com\/index.php?rest_route=%2Fwp%2Fv2%2Fmedia&parent=2916"}],"wp:term":[{"taxonomy":"category","embeddable":true,"href":"https:\/\/diarioparanaense.com\/index.php?rest_route=%2Fwp%2Fv2%2Fcategories&post=2916"},{"taxonomy":"post_tag","embeddable":true,"href":"https:\/\/diarioparanaense.com\/index.php?rest_route=%2Fwp%2Fv2%2Ftags&post=2916"}],"curies":[{"name":"wp","href":"https:\/\/api.w.org\/{rel}","templated":true}]}}