{"id":2907,"date":"2024-07-04T11:57:59","date_gmt":"2024-07-04T14:57:59","guid":{"rendered":"https:\/\/diarioparanaense.com\/?p=2907"},"modified":"2024-07-04T11:58:00","modified_gmt":"2024-07-04T14:58:00","slug":"expo-favela-innovation-jornalista-e-ativista-racial-felipe-ruffino-e-um-dos-palestrantes-no-evento","status":"publish","type":"post","link":"https:\/\/diarioparanaense.com\/?p=2907","title":{"rendered":"Expo Favela Innovation: Jornalista e ativista racial Felipe Ruffino \u00e9 um dos palestrantes no evento"},"content":{"rendered":"\n<p class=\"has-medium-font-size\">Nesta sexta-feira, dia 5, \u00e0s 16h15, o jornalista, influenciador e ativista racial Felipe Ruffino apresentar\u00e1 a palestra &#8220;PRETO EM PAUTA: \u00c9 preciso falar todos os dias sobre o corpo preto&#8221; na Expo Favela Innovation, uma das maiores feiras de neg\u00f3cios e inova\u00e7\u00e3o do Brasil<\/p>\n\n\n\n<p>A Expo Favela Innovation, que j\u00e1 se consolidou como parte do calend\u00e1rio nacional de eventos de neg\u00f3cios e inova\u00e7\u00e3o, promete uma edi\u00e7\u00e3o ainda maior em 2024. Este evento, que percorre todo o Brasil atrav\u00e9s de etapas regionais, culmina com a grande final em S\u00e3o Paulo, reunindo empreendedores da favela e promovendo um espa\u00e7o de visibilidade e oportunidades.<\/p>\n\n\n\n<p>Felipe Ruffino, renomado jornalista, influenciador e ativista racial, ser\u00e1 um dos palestrantes destaque na Expo Favela Innovation nesta sexta-feira, dia 5, \u00e0s 16h15, com a palestra &#8220;PRETO EM PAUTA: \u00c9 preciso falar todos os dias sobre o corpo preto&#8221;. &#8220;Participar da Expo Favela Innovation \u00e9 uma oportunidade incr\u00edvel de destacar o poder transformador das favelas e das iniciativas empreendedoras que surgem nesses espa\u00e7os. A favela \u00e9 um celeiro de inova\u00e7\u00e3o e criatividade, e eventos como este s\u00e3o essenciais para conectar essas ideias brilhantes com investidores e parceiros que podem acelerar seu crescimento&#8221;, afirma Ruffino.<\/p>\n\n\n\n<p>A Expo Favela Innovation n\u00e3o \u00e9 apenas uma feira de neg\u00f3cios, mas um grande palco de encontro entre empreendedores da favela e investidores. A iniciativa visa promover a visibilidade dessas a\u00e7\u00f5es empreendedoras, facilitando conex\u00f5es que possam gerar neg\u00f3cios e oportunidades de crescimento. Al\u00e9m dos estandes de expositores, o evento contar\u00e1 com uma programa\u00e7\u00e3o rica e diversificada, incluindo palestras, workshops, exposi\u00e7\u00f5es, rodadas de neg\u00f3cios, pitches, mentorias, debates, cursos, shows, filmes e desfiles, todos desenvolvidos por moradores das favelas de todo o pa\u00eds.<\/p>\n\n\n\n<p>&#8220;A Expo Favela Innovation \u00e9 uma verdadeira vitrine do talento e da resili\u00eancia dos moradores das favelas. \u00c9 emocionante ver tantas iniciativas incr\u00edveis ganhando espa\u00e7o e reconhecimento. Este evento \u00e9 uma prova de que a favela n\u00e3o \u00e9 apenas um lugar de car\u00eancias, mas um ambiente repleto de potencial e oportunidades&#8221;, destaca Ruffino.<\/p>\n\n\n\n<p>A edi\u00e7\u00e3o deste ano promete ser ainda mais impactante, reunindo um n\u00famero maior de expositores e oferecendo uma plataforma robusta para a troca de conhecimentos e experi\u00eancias. O objetivo principal \u00e9 fomentar um ambiente onde as ideias inovadoras possam florescer e encontrar os recursos necess\u00e1rios para se desenvolverem plenamente.<\/p>\n\n\n\n<p>&#8220;Conectar empreendedores da favela com investidores n\u00e3o s\u00f3 impulsiona os neg\u00f3cios, mas tamb\u00e9m promove a transforma\u00e7\u00e3o social. Na minha palestra, pretendo mostrar que \u00e9 essencial falar sobre o corpo preto todos os dias, posicionando as pessoas pretas n\u00e3o apenas nas quest\u00f5es que subalternam, mas tamb\u00e9m como porta-vozes de sucesso e inspira\u00e7\u00e3o em diversas \u00e1reas&#8221;, conclui&nbsp;Ruffino.<\/p>\n","protected":false},"excerpt":{"rendered":"<p>Nesta sexta-feira, dia 5, \u00e0s 16h15, o jornalista, influenciador e ativista racial Felipe Ruffino apresentar\u00e1 a palestra &#8220;PRETO EM PAUTA: \u00c9 preciso falar todos os dias sobre o corpo preto&#8221; na Expo Favela Innovation, uma das maiores feiras de neg\u00f3cios e inova\u00e7\u00e3o do Brasil A Expo Favela Innovation, que j\u00e1 se consolidou como parte do [&hellip;]<\/p>\n","protected":false},"author":1,"featured_media":2908,"comment_status":"open","ping_status":"open","sticky":false,"template":"","format":"standard","meta":{"footnotes":""},"categories":[29],"tags":[],"class_list":["post-2907","post","type-post","status-publish","format-standard","has-post-thumbnail","hentry","category-artigos"],"_links":{"self":[{"href":"https:\/\/diarioparanaense.com\/index.php?rest_route=\/wp\/v2\/posts\/2907","targetHints":{"allow":["GET"]}}],"collection":[{"href":"https:\/\/diarioparanaense.com\/index.php?rest_route=\/wp\/v2\/posts"}],"about":[{"href":"https:\/\/diarioparanaense.com\/index.php?rest_route=\/wp\/v2\/types\/post"}],"author":[{"embeddable":true,"href":"https:\/\/diarioparanaense.com\/index.php?rest_route=\/wp\/v2\/users\/1"}],"replies":[{"embeddable":true,"href":"https:\/\/diarioparanaense.com\/index.php?rest_route=%2Fwp%2Fv2%2Fcomments&post=2907"}],"version-history":[{"count":1,"href":"https:\/\/diarioparanaense.com\/index.php?rest_route=\/wp\/v2\/posts\/2907\/revisions"}],"predecessor-version":[{"id":2909,"href":"https:\/\/diarioparanaense.com\/index.php?rest_route=\/wp\/v2\/posts\/2907\/revisions\/2909"}],"wp:featuredmedia":[{"embeddable":true,"href":"https:\/\/diarioparanaense.com\/index.php?rest_route=\/wp\/v2\/media\/2908"}],"wp:attachment":[{"href":"https:\/\/diarioparanaense.com\/index.php?rest_route=%2Fwp%2Fv2%2Fmedia&parent=2907"}],"wp:term":[{"taxonomy":"category","embeddable":true,"href":"https:\/\/diarioparanaense.com\/index.php?rest_route=%2Fwp%2Fv2%2Fcategories&post=2907"},{"taxonomy":"post_tag","embeddable":true,"href":"https:\/\/diarioparanaense.com\/index.php?rest_route=%2Fwp%2Fv2%2Ftags&post=2907"}],"curies":[{"name":"wp","href":"https:\/\/api.w.org\/{rel}","templated":true}]}}