{"id":2904,"date":"2024-07-04T09:19:53","date_gmt":"2024-07-04T12:19:53","guid":{"rendered":"https:\/\/diarioparanaense.com\/?p=2904"},"modified":"2024-07-04T09:19:54","modified_gmt":"2024-07-04T12:19:54","slug":"dia-nacional-de-combate-a-discriminacao-racial-um-chamado-a-acao-e-reflexao","status":"publish","type":"post","link":"https:\/\/diarioparanaense.com\/?p=2904","title":{"rendered":"Dia Nacional de Combate \u00e0 Discrimina\u00e7\u00e3o Racial: um chamado \u00e0 a\u00e7\u00e3o e reflex\u00e3o"},"content":{"rendered":"\n<p class=\"has-medium-font-size\">No Dia Nacional de Combate \u00e0 Discrimina\u00e7\u00e3o Racial, Jessi Alves destaca a import\u00e2ncia de abordar o racismo de maneira cont\u00ednua e incisiva na sociedade brasileira, visando um futuro mais justo e igualit\u00e1rio<\/p>\n\n\n\n<p>No Dia Nacional de Combate \u00e0 Discrimina\u00e7\u00e3o Racial, comemorado em 3 de julho, a sociedade brasileira \u00e9 convidada a refletir sobre o impacto do racismo e a necessidade de a\u00e7\u00f5es concretas para elimin\u00e1-lo. Jessi Alves, professora e influenciadora digital e tamb\u00e9m porta-voz da luta contra a discrimina\u00e7\u00e3o racial, ressalta a import\u00e2ncia de tratar esse assunto com a seriedade e a urg\u00eancia que ele merece, promovendo discuss\u00f5es, educa\u00e7\u00e3o e pol\u00edticas p\u00fablicas que visem \u00e0 igualdade racial.<\/p>\n\n\n\n<p><br>&#8220;A discrimina\u00e7\u00e3o racial \u00e9 um problema estrutural que afeta profundamente a vida de milh\u00f5es de brasileiros. \u00c9 essencial que a sociedade como um todo, incluindo governos, institui\u00e7\u00f5es e indiv\u00edduos, se comprometa a combater o racismo em todas as suas formas. N\u00e3o basta apenas reconhecer o problema; \u00e9 preciso agir ativamente para mudar a realidade&#8221;, afirma Jessi Alves.<\/p>\n\n\n\n<p><br>Abordar o racismo na sociedade \u00e9 um passo crucial para garantir um futuro mais justo e inclusivo. A educa\u00e7\u00e3o desempenha um papel fundamental nesse processo. Inserir a hist\u00f3ria e a cultura afro-brasileira nos curr\u00edculos escolares, promover debates sobre igualdade racial e conscientizar desde cedo sobre os preju\u00edzos do preconceito s\u00e3o a\u00e7\u00f5es essenciais para formar uma sociedade mais consciente e menos intolerante.<\/p>\n\n\n\n<p><br>&#8220;A educa\u00e7\u00e3o \u00e9 uma das ferramentas mais poderosas que temos para combater a discrimina\u00e7\u00e3o racial. Precisamos educar nossas crian\u00e7as e jovens sobre a import\u00e2ncia do respeito e da diversidade, para que cres\u00e7am valorizando todas as culturas e contribuindo para um mundo mais justo&#8221;, destaca Jessi Alves.<br>Al\u00e9m da educa\u00e7\u00e3o, \u00e9 fundamental que as empresas e organiza\u00e7\u00f5es adotem pol\u00edticas inclusivas e de diversidade. A promo\u00e7\u00e3o de um ambiente de trabalho livre de discrimina\u00e7\u00e3o, com igualdade de oportunidades para todos, \u00e9 uma medida essencial para reduzir as disparidades raciais no mercado de trabalho.<\/p>\n\n\n\n<p><br>O papel das m\u00eddias sociais e dos influenciadores tamb\u00e9m \u00e9 significativo. Utilizar essas plataformas para disseminar informa\u00e7\u00f5es, promover di\u00e1logos e compartilhar hist\u00f3rias de resist\u00eancia e supera\u00e7\u00e3o pode ajudar a conscientizar um p\u00fablico mais amplo e engajado.<\/p>\n\n\n\n<p><br>No Dia Nacional de Combate \u00e0 Discrimina\u00e7\u00e3o Racial, Jessi Alves lembra que a luta contra o racismo \u00e9 di\u00e1ria e coletiva. \u00c9 um compromisso que deve ser assumido por todos n\u00f3s, independentemente de nossa cor, etnia ou origem. Somente assim poderemos construir uma sociedade mais justa, igualit\u00e1ria e livre de preconceitos.<\/p>\n\n\n\n<blockquote class=\"wp-block-quote is-layout-flow wp-block-quote-is-layout-flow\">\n<p><br>&#8220;Precisamos de a\u00e7\u00f5es cont\u00ednuas e incisivas para combater o racismo. Cada um de n\u00f3s tem um papel importante nessa luta. Juntos, podemos fazer a diferen\u00e7a e criar um futuro onde a discrimina\u00e7\u00e3o racial seja apenas uma triste mem\u00f3ria do passado&#8221;,\u00a0conclui\u00a0Jessi.<\/p>\n<\/blockquote>\n","protected":false},"excerpt":{"rendered":"<p>No Dia Nacional de Combate \u00e0 Discrimina\u00e7\u00e3o Racial, Jessi Alves destaca a import\u00e2ncia de abordar o racismo de maneira cont\u00ednua e incisiva na sociedade brasileira, visando um futuro mais justo e igualit\u00e1rio No Dia Nacional de Combate \u00e0 Discrimina\u00e7\u00e3o Racial, comemorado em 3 de julho, a sociedade brasileira \u00e9 convidada a refletir sobre o impacto [&hellip;]<\/p>\n","protected":false},"author":1,"featured_media":2905,"comment_status":"open","ping_status":"open","sticky":false,"template":"","format":"standard","meta":{"footnotes":""},"categories":[430],"tags":[],"class_list":["post-2904","post","type-post","status-publish","format-standard","has-post-thumbnail","hentry","category-sociedade"],"_links":{"self":[{"href":"https:\/\/diarioparanaense.com\/index.php?rest_route=\/wp\/v2\/posts\/2904","targetHints":{"allow":["GET"]}}],"collection":[{"href":"https:\/\/diarioparanaense.com\/index.php?rest_route=\/wp\/v2\/posts"}],"about":[{"href":"https:\/\/diarioparanaense.com\/index.php?rest_route=\/wp\/v2\/types\/post"}],"author":[{"embeddable":true,"href":"https:\/\/diarioparanaense.com\/index.php?rest_route=\/wp\/v2\/users\/1"}],"replies":[{"embeddable":true,"href":"https:\/\/diarioparanaense.com\/index.php?rest_route=%2Fwp%2Fv2%2Fcomments&post=2904"}],"version-history":[{"count":1,"href":"https:\/\/diarioparanaense.com\/index.php?rest_route=\/wp\/v2\/posts\/2904\/revisions"}],"predecessor-version":[{"id":2906,"href":"https:\/\/diarioparanaense.com\/index.php?rest_route=\/wp\/v2\/posts\/2904\/revisions\/2906"}],"wp:featuredmedia":[{"embeddable":true,"href":"https:\/\/diarioparanaense.com\/index.php?rest_route=\/wp\/v2\/media\/2905"}],"wp:attachment":[{"href":"https:\/\/diarioparanaense.com\/index.php?rest_route=%2Fwp%2Fv2%2Fmedia&parent=2904"}],"wp:term":[{"taxonomy":"category","embeddable":true,"href":"https:\/\/diarioparanaense.com\/index.php?rest_route=%2Fwp%2Fv2%2Fcategories&post=2904"},{"taxonomy":"post_tag","embeddable":true,"href":"https:\/\/diarioparanaense.com\/index.php?rest_route=%2Fwp%2Fv2%2Ftags&post=2904"}],"curies":[{"name":"wp","href":"https:\/\/api.w.org\/{rel}","templated":true}]}}