{"id":2901,"date":"2024-07-04T09:17:14","date_gmt":"2024-07-04T12:17:14","guid":{"rendered":"https:\/\/diarioparanaense.com\/?p=2901"},"modified":"2024-07-04T09:17:14","modified_gmt":"2024-07-04T12:17:14","slug":"energias-alternativas-em-foco-na-feira-reciclacao-2024","status":"publish","type":"post","link":"https:\/\/diarioparanaense.com\/?p=2901","title":{"rendered":"Energias Alternativas em Foco na Feira Recicla\u00e7\u00e3o 2024"},"content":{"rendered":"\n<p class=\"has-medium-font-size\">Energia solar como foco para um futuro mais ecol\u00f3gico<\/p>\n\n\n\n<p>A Feira Recicla\u00e7\u00e3o 2024, dedicada ao Meio Ambiente Industrial, Reciclagem, Saneamento Ambiental e Energias Alternativas, ocorrer\u00e1 no Centro de Eventos Positivo do Parque Barigui, em Curitiba, de 25 a 27 de julho. Este evento se destaca pelo foco nas energias alternativas, refor\u00e7ando sua import\u00e2ncia para o desenvolvimento sustent\u00e1vel. A feira busca promover a sustentabilidade ambiental e fomentar neg\u00f3cios entre fornecedores e consumidores de equipamentos, tecnologias e servi\u00e7os voltados aos setores urbano, rural, industrial e comercial. Com uma expectativa de mais de 6 mil visitantes, a Recicla\u00e7\u00e3o se consolida como o principal evento do setor no Paran\u00e1.<\/p>\n\n\n\n<p>Segundo Valdir Bello, organizador do evento, &#8220;a Recicla\u00e7\u00e3o 2024 pretende reunir expositores de equipamentos, tecnologias, servi\u00e7os e consultorias focadas em reciclagem, saneamento ambiental e energias alternativas. A meta \u00e9 dar visibilidade a alternativas cient\u00edficas e mercadol\u00f3gicas que atendam \u00e0s demandas de consumo, criando oportunidades comerciais e promovendo o desenvolvimento socioecon\u00f4mico. Ser\u00e3o tr\u00eas dias de intensa troca de conhecimento e neg\u00f3cios, com uma programa\u00e7\u00e3o que inclui feira t\u00e9cnica, palestras e workshops dedicados \u00e0 sustentabilidade.&#8221;<\/p>\n\n\n\n<p>Uma das empresas que se destaca na \u00e1rea de exposi\u00e7\u00e3o \u00e9 a CWB Energia Solar. Com sede em S\u00e3o Jos\u00e9 dos Pinhais, a empresa atua no setor de energia solar fotovoltaica, oferecendo solu\u00e7\u00f5es sustent\u00e1veis e economicamente vantajosas. A CWB Energia Solar se dedica \u00e0 comercializa\u00e7\u00e3o e instala\u00e7\u00e3o de sistemas fotovoltaicos, contribuindo para a redu\u00e7\u00e3o das emiss\u00f5es de gases de efeito estufa e proporcionando economia significativa nas contas de energia.<\/p>\n\n\n\n<p>O investimento em energia renov\u00e1vel, como a solar, \u00e9 fundamental para mitigar os impactos das mudan\u00e7as clim\u00e1ticas e melhorar a qualidade de vida nas cidades. Entre as vantagens das energias renov\u00e1veis est\u00e3o a diminui\u00e7\u00e3o da polui\u00e7\u00e3o atmosf\u00e9rica, a redu\u00e7\u00e3o dos impactos ambientais e a cria\u00e7\u00e3o de oportunidades de inova\u00e7\u00e3o e gera\u00e7\u00e3o de empregos. Empresas que adotam essas fontes de energia constroem uma imagem de responsabilidade socioambiental, colaborando com os objetivos de desenvolvimento sustent\u00e1vel.<\/p>\n\n\n\n<p>A feira tamb\u00e9m reflete o crescente interesse dos pequenos e m\u00e9dios empres\u00e1rios brasileiros em fontes renov\u00e1veis. De acordo com pesquisa realizada, cerca de 60% desses empres\u00e1rios planejam investir em energias renov\u00e1veis, com 47,5% considerando os sistemas fotovoltaicos como a melhor op\u00e7\u00e3o. No entanto, a implementa\u00e7\u00e3o dessas tecnologias enfrenta desafios, principalmente em termos de capacidade de investimento e acesso a financiamentos. Mesmo assim, o cen\u00e1rio atual de crise energ\u00e9tica e a press\u00e3o para reduzir a depend\u00eancia de combust\u00edveis f\u00f3sseis tornam o investimento em energia limpa uma prioridade urgente. A CWB Energia Solar estar\u00e1 mostrando isso e muito mais durante o evento, afirma Valdir.<\/p>\n\n\n\n<p>Com o patroc\u00ednio do SENAI PR, a Recicla\u00e7\u00e3o 2024 promete ser o principal ponto de encontro entre profissionais, fornecedores e consumidores do setor, incluindo gestores p\u00fablicos e privados, profissionais com especializa\u00e7\u00e3o atuantes no setor, t\u00e9cnicos, administradores empresariais, acad\u00eamicos e estudantes. Com uma programa\u00e7\u00e3o t\u00e9cnica comercial diversificada, o evento oferece uma plataforma \u00fanica para a troca de conhecimento, capacita\u00e7\u00e3o e realiza\u00e7\u00e3o de neg\u00f3cios, consolidando-se como uma feira de abrang\u00eancia nacional no calend\u00e1rio de eventos para empresas e profissionais comprometidos com a sustentabilidade no ambiente urbano, rural, industrial e comercial.<\/p>\n\n\n\n<p><strong>A RECICLA\u00c7\u00c3O 2024 TEM O APOIO INSTITUCIONAL:<br><\/strong>Associa\u00e7\u00e3o Paranaense dos Engenheiros Ambientais &#8211; APEAM<br>Associa\u00e7\u00e3o Paranaense dos Engenheiros Florestais &#8211; APEF<br>Associa\u00e7\u00e3o Paranaense dos Engenheiros Qu\u00edmicos &#8211; AEQ<br>Associa\u00e7\u00e3o das Empresas da Cidade Industrial de Curitiba \u2013 AECIC<\/p>\n\n\n\n<p><strong>Patroc\u00ednio: SENAI PR.<\/strong><\/p>\n\n\n\n<p><strong>Servi\u00e7o<\/strong>: Recicla\u00e7\u00e3o &#8211; Feira do Meio Ambiente Industrial, ind\u00fastria da reciclagem, saneamento ambiental e energias alternativas<br><strong>REALIZA\u00c7\u00c3O<\/strong>: Montebello Eventos<br><strong>Contato<\/strong>: (41) 3203-1189 (41) 9.9546-0416<br><strong>Local<\/strong>: Centro de Eventos Positivo do Parque Barigui, Curitiba\/PR<br><strong>Dias<\/strong>: 25, 26 e 27 de julho de 2024<br><strong>Redes Sociais:<\/strong> reciclacao2024<br><a href=\"https:\/\/montebelloeventos.com.br\/works\/reciclacao\/\">https:\/\/montebelloeventos.com.br\/works\/reciclacao\/<\/a><\/p>\n","protected":false},"excerpt":{"rendered":"<p>Energia solar como foco para um futuro mais ecol\u00f3gico A Feira Recicla\u00e7\u00e3o 2024, dedicada ao Meio Ambiente Industrial, Reciclagem, Saneamento Ambiental e Energias Alternativas, ocorrer\u00e1 no Centro de Eventos Positivo do Parque Barigui, em Curitiba, de 25 a 27 de julho. Este evento se destaca pelo foco nas energias alternativas, refor\u00e7ando sua import\u00e2ncia para o [&hellip;]<\/p>\n","protected":false},"author":1,"featured_media":2902,"comment_status":"open","ping_status":"open","sticky":false,"template":"","format":"standard","meta":{"footnotes":""},"categories":[186,324],"tags":[],"class_list":["post-2901","post","type-post","status-publish","format-standard","has-post-thumbnail","hentry","category-eventos","category-negocios"],"_links":{"self":[{"href":"https:\/\/diarioparanaense.com\/index.php?rest_route=\/wp\/v2\/posts\/2901","targetHints":{"allow":["GET"]}}],"collection":[{"href":"https:\/\/diarioparanaense.com\/index.php?rest_route=\/wp\/v2\/posts"}],"about":[{"href":"https:\/\/diarioparanaense.com\/index.php?rest_route=\/wp\/v2\/types\/post"}],"author":[{"embeddable":true,"href":"https:\/\/diarioparanaense.com\/index.php?rest_route=\/wp\/v2\/users\/1"}],"replies":[{"embeddable":true,"href":"https:\/\/diarioparanaense.com\/index.php?rest_route=%2Fwp%2Fv2%2Fcomments&post=2901"}],"version-history":[{"count":1,"href":"https:\/\/diarioparanaense.com\/index.php?rest_route=\/wp\/v2\/posts\/2901\/revisions"}],"predecessor-version":[{"id":2903,"href":"https:\/\/diarioparanaense.com\/index.php?rest_route=\/wp\/v2\/posts\/2901\/revisions\/2903"}],"wp:featuredmedia":[{"embeddable":true,"href":"https:\/\/diarioparanaense.com\/index.php?rest_route=\/wp\/v2\/media\/2902"}],"wp:attachment":[{"href":"https:\/\/diarioparanaense.com\/index.php?rest_route=%2Fwp%2Fv2%2Fmedia&parent=2901"}],"wp:term":[{"taxonomy":"category","embeddable":true,"href":"https:\/\/diarioparanaense.com\/index.php?rest_route=%2Fwp%2Fv2%2Fcategories&post=2901"},{"taxonomy":"post_tag","embeddable":true,"href":"https:\/\/diarioparanaense.com\/index.php?rest_route=%2Fwp%2Fv2%2Ftags&post=2901"}],"curies":[{"name":"wp","href":"https:\/\/api.w.org\/{rel}","templated":true}]}}