{"id":2891,"date":"2024-07-02T16:52:33","date_gmt":"2024-07-02T19:52:33","guid":{"rendered":"https:\/\/diarioparanaense.com\/?p=2891"},"modified":"2024-07-02T16:52:34","modified_gmt":"2024-07-02T19:52:34","slug":"footwork-sedia-campeonato-interclubes-de-patinacao-artistica-neste-sabado","status":"publish","type":"post","link":"https:\/\/diarioparanaense.com\/?p=2891","title":{"rendered":"Footwork sedia Campeonato Interclubes de Patina\u00e7\u00e3o Art\u00edstica neste s\u00e1bado"},"content":{"rendered":"\n<p>No dia 7 de julho, a Footwork, localizada na Rua Eunice Weaver, 352, sediar\u00e1 o Campeonato Interclubes de Patina\u00e7\u00e3o Art\u00edstica. O evento ter\u00e1 a participa\u00e7\u00e3o dos talentosos atletas Elite do Paran\u00e1 participantes dos treinos promovidos pelo Governo do Estado do Paran\u00e1 atrav\u00e9s do programa PROESPORTE e incentivo da empresa Copel.<\/p>\n\n\n\n<p>O campeonato promete um espet\u00e1culo de alto n\u00edvel, com performances emocionantes e t\u00e9cnicas de excel\u00eancia. Mais informa\u00e7\u00f5es sobre hor\u00e1rios e ingressos est\u00e3o dispon\u00edveis pelo (41)&nbsp;99155-9143.<\/p>\n","protected":false},"excerpt":{"rendered":"<p>No dia 7 de julho, a Footwork, localizada na Rua Eunice Weaver, 352, sediar\u00e1 o Campeonato Interclubes de Patina\u00e7\u00e3o Art\u00edstica. O evento ter\u00e1 a participa\u00e7\u00e3o dos talentosos atletas Elite do Paran\u00e1 participantes dos treinos promovidos pelo Governo do Estado do Paran\u00e1 atrav\u00e9s do programa PROESPORTE e incentivo da empresa Copel. O campeonato promete um espet\u00e1culo [&hellip;]<\/p>\n","protected":false},"author":1,"featured_media":2892,"comment_status":"open","ping_status":"open","sticky":false,"template":"","format":"standard","meta":{"footnotes":""},"categories":[159],"tags":[],"class_list":["post-2891","post","type-post","status-publish","format-standard","has-post-thumbnail","hentry","category-esportes"],"_links":{"self":[{"href":"https:\/\/diarioparanaense.com\/index.php?rest_route=\/wp\/v2\/posts\/2891","targetHints":{"allow":["GET"]}}],"collection":[{"href":"https:\/\/diarioparanaense.com\/index.php?rest_route=\/wp\/v2\/posts"}],"about":[{"href":"https:\/\/diarioparanaense.com\/index.php?rest_route=\/wp\/v2\/types\/post"}],"author":[{"embeddable":true,"href":"https:\/\/diarioparanaense.com\/index.php?rest_route=\/wp\/v2\/users\/1"}],"replies":[{"embeddable":true,"href":"https:\/\/diarioparanaense.com\/index.php?rest_route=%2Fwp%2Fv2%2Fcomments&post=2891"}],"version-history":[{"count":1,"href":"https:\/\/diarioparanaense.com\/index.php?rest_route=\/wp\/v2\/posts\/2891\/revisions"}],"predecessor-version":[{"id":2893,"href":"https:\/\/diarioparanaense.com\/index.php?rest_route=\/wp\/v2\/posts\/2891\/revisions\/2893"}],"wp:featuredmedia":[{"embeddable":true,"href":"https:\/\/diarioparanaense.com\/index.php?rest_route=\/wp\/v2\/media\/2892"}],"wp:attachment":[{"href":"https:\/\/diarioparanaense.com\/index.php?rest_route=%2Fwp%2Fv2%2Fmedia&parent=2891"}],"wp:term":[{"taxonomy":"category","embeddable":true,"href":"https:\/\/diarioparanaense.com\/index.php?rest_route=%2Fwp%2Fv2%2Fcategories&post=2891"},{"taxonomy":"post_tag","embeddable":true,"href":"https:\/\/diarioparanaense.com\/index.php?rest_route=%2Fwp%2Fv2%2Ftags&post=2891"}],"curies":[{"name":"wp","href":"https:\/\/api.w.org\/{rel}","templated":true}]}}