{"id":2885,"date":"2024-07-02T11:15:13","date_gmt":"2024-07-02T14:15:13","guid":{"rendered":"https:\/\/diarioparanaense.com\/?p=2885"},"modified":"2024-07-02T11:15:14","modified_gmt":"2024-07-02T14:15:14","slug":"marisa-monte-completa-57-anos-e-deezer-revela-suas-10-musicas-mais-ouvidas","status":"publish","type":"post","link":"https:\/\/diarioparanaense.com\/?p=2885","title":{"rendered":"Marisa Monte completa 57 anos e Deezer revela suas 10 m\u00fasicas mais ouvidas"},"content":{"rendered":"\n<p class=\"has-medium-font-size\">Para celebrar seu anivers\u00e1rio, a plataforma de experi\u00eancias musicais divulga os maiores hits da artista<\/p>\n\n\n\n<p>Hoje, 1 de julho, a cantora e compositora brasileira Marisa Monte comemora seu 57\u00ba anivers\u00e1rio. Com uma voz inconfund\u00edvel e talento incompar\u00e1vel, Marisa se estabeleceu como uma das maiores artistas da m\u00fasica brasileira.<\/p>\n\n\n\n<p>Para celebrar a data, a Deezer compartilha as 10 m\u00fasicas mais ouvidas da cantora na plataforma no \u00faltimo ano:<\/p>\n\n\n\n<ol class=\"wp-block-list\" start=\"1\">\n<li>Ainda Bem<\/li>\n\n\n\n<li>Amor I Love You \/ Cita\u00e7\u00e3o: Trecho Da Obra Intitulada &#8220;Primo Basilio&#8221; De E\u00e7a De Queiroz Declamado Por Arnaldo Antunes<\/li>\n\n\n\n<li>Feliz, Alegre e Forte<\/li>\n\n\n\n<li>Vilarejo<\/li>\n\n\n\n<li>Beija Eu<\/li>\n\n\n\n<li>Depois<\/li>\n\n\n\n<li>Pra Melhorar<\/li>\n\n\n\n<li>Ainda Lembro<\/li>\n\n\n\n<li>Bem Que Se Quis (E Po&#8217; Che Fa&#8217;) (2004 Digital Remaster;)<\/li>\n\n\n\n<li>N\u00e3o V\u00e1 Embora (2004 Digital Remaster;)<\/li>\n<\/ol>\n\n\n\n<p>A influ\u00eancia de Marisa Monte ultrapassa fronteiras. Com shows marcados na Europa para o segundo semestre de 2024, Marisa alcan\u00e7a admiradores ao redor do mundo. Confira os pa\u00edses que mais ouvem suas m\u00fasicas na Deezer:<\/p>\n\n\n\n<ol class=\"wp-block-list\">\n<li>Brasil<\/li>\n\n\n\n<li>Fran\u00e7a<\/li>\n\n\n\n<li>Portugal<\/li>\n\n\n\n<li>Estados Unidos<\/li>\n\n\n\n<li>Alemanha<\/li>\n<\/ol>\n\n\n\n<p>Outros dados divulgados pela plataforma tamb\u00e9m revelam que S\u00e3o Paulo, Rio de Janeiro, Belo Horizonte, Salvador e Recife s\u00e3o as cinco cidades que mais ouvem a artista. Al\u00e9m disso, 60% dos ouvintes s\u00e3o homens e 40% mulheres, principalmente entre 26 e 45 anos*.<\/p>\n\n\n\n<p>Agora, \u00e9 s\u00f3 dar play na playlist 100% Marisa Monte da Deezer e escutar os hits da cantora que marcou&nbsp;gera\u00e7\u00f5es!<\/p>\n","protected":false},"excerpt":{"rendered":"<p>Para celebrar seu anivers\u00e1rio, a plataforma de experi\u00eancias musicais divulga os maiores hits da artista Hoje, 1 de julho, a cantora e compositora brasileira Marisa Monte comemora seu 57\u00ba anivers\u00e1rio. Com uma voz inconfund\u00edvel e talento incompar\u00e1vel, Marisa se estabeleceu como uma das maiores artistas da m\u00fasica brasileira. Para celebrar a data, a Deezer compartilha [&hellip;]<\/p>\n","protected":false},"author":1,"featured_media":2886,"comment_status":"open","ping_status":"open","sticky":false,"template":"","format":"standard","meta":{"footnotes":""},"categories":[27],"tags":[],"class_list":["post-2885","post","type-post","status-publish","format-standard","has-post-thumbnail","hentry","category-musica"],"_links":{"self":[{"href":"https:\/\/diarioparanaense.com\/index.php?rest_route=\/wp\/v2\/posts\/2885","targetHints":{"allow":["GET"]}}],"collection":[{"href":"https:\/\/diarioparanaense.com\/index.php?rest_route=\/wp\/v2\/posts"}],"about":[{"href":"https:\/\/diarioparanaense.com\/index.php?rest_route=\/wp\/v2\/types\/post"}],"author":[{"embeddable":true,"href":"https:\/\/diarioparanaense.com\/index.php?rest_route=\/wp\/v2\/users\/1"}],"replies":[{"embeddable":true,"href":"https:\/\/diarioparanaense.com\/index.php?rest_route=%2Fwp%2Fv2%2Fcomments&post=2885"}],"version-history":[{"count":1,"href":"https:\/\/diarioparanaense.com\/index.php?rest_route=\/wp\/v2\/posts\/2885\/revisions"}],"predecessor-version":[{"id":2887,"href":"https:\/\/diarioparanaense.com\/index.php?rest_route=\/wp\/v2\/posts\/2885\/revisions\/2887"}],"wp:featuredmedia":[{"embeddable":true,"href":"https:\/\/diarioparanaense.com\/index.php?rest_route=\/wp\/v2\/media\/2886"}],"wp:attachment":[{"href":"https:\/\/diarioparanaense.com\/index.php?rest_route=%2Fwp%2Fv2%2Fmedia&parent=2885"}],"wp:term":[{"taxonomy":"category","embeddable":true,"href":"https:\/\/diarioparanaense.com\/index.php?rest_route=%2Fwp%2Fv2%2Fcategories&post=2885"},{"taxonomy":"post_tag","embeddable":true,"href":"https:\/\/diarioparanaense.com\/index.php?rest_route=%2Fwp%2Fv2%2Ftags&post=2885"}],"curies":[{"name":"wp","href":"https:\/\/api.w.org\/{rel}","templated":true}]}}