{"id":2875,"date":"2024-06-27T17:46:22","date_gmt":"2024-06-27T20:46:22","guid":{"rendered":"https:\/\/diarioparanaense.com\/?p=2875"},"modified":"2024-06-27T17:46:22","modified_gmt":"2024-06-27T20:46:22","slug":"esg-nao-e-apenas-sobre-ecologia-inclusao-tambem-e-essencial","status":"publish","type":"post","link":"https:\/\/diarioparanaense.com\/?p=2875","title":{"rendered":"ESG n\u00e3o \u00e9 apenas sobre ecologia, inclus\u00e3o tamb\u00e9m \u00e9 essencial"},"content":{"rendered":"\n<p class=\"has-medium-font-size\">Pensamento sobre inclus\u00e3o n\u00e3o pode ser s\u00f3 uma moda<\/p>\n\n\n\n<p>A inclus\u00e3o da comunidade LGBTQIAPN+ no mercado de trabalho tem sido um tema de intensas discuss\u00f5es e desafios cont\u00ednuos. Enquanto gays e l\u00e9sbicas t\u00eam, em alguns casos, conseguido se afirmar no ambiente profissional, outras partes da comunidade, como as pessoas transexuais, ainda enfrentam barreiras significativas. Muitas pessoas LGBTQIAPN+ ainda sentem a necessidade de esconder sua verdadeira identidade no trabalho, temendo repres\u00e1lias devido a estere\u00f3tipos de comportamento, vestimenta ou fala.<\/p>\n\n\n\n<p>A garantia de oportunidades igualit\u00e1rias de desenvolvimento e crescimento de carreira \u00e9 um dos maiores desafios. Entre 2019 e 2020, houve um avan\u00e7o nas discuss\u00f5es sobre diversidade e inclus\u00e3o, com muitas empresas globais se comprometendo a avaliar compet\u00eancias profissionais sem preconceitos relacionados \u00e0 orienta\u00e7\u00e3o sexual ou identidade de g\u00eanero.<\/p>\n\n\n\n<p>&#8220;A crescente conscientiza\u00e7\u00e3o social e o surgimento de leis contra a discrimina\u00e7\u00e3o t\u00eam contribu\u00eddo para uma maior aceita\u00e7\u00e3o. Muitas empresas agora adotam posturas firmes contra a discrimina\u00e7\u00e3o e implementam iniciativas de educa\u00e7\u00e3o sobre diversidade para seus colaboradores. Exemplos dessas a\u00e7\u00f5es incluem implementa\u00e7\u00e3o de planos ESG, al\u00e9m de comit\u00eas de diversidade, que promovem discuss\u00f5es, palestras e cursos direcionados para a inclus\u00e3o&#8221;, diz Helena Gurgel Head de Sustentabilidade da Impactability .<\/p>\n\n\n<div class=\"wp-block-image\">\n<figure class=\"alignleft size-full is-resized\"><img loading=\"lazy\" decoding=\"async\" width=\"800\" height=\"800\" src=\"https:\/\/diarioparanaense.com\/wp-content\/uploads\/2024\/06\/2706246.jpg\" alt=\"\" class=\"wp-image-2877\" style=\"width:207px;height:auto\" srcset=\"https:\/\/diarioparanaense.com\/wp-content\/uploads\/2024\/06\/2706246.jpg 800w, https:\/\/diarioparanaense.com\/wp-content\/uploads\/2024\/06\/2706246-300x300.jpg 300w, https:\/\/diarioparanaense.com\/wp-content\/uploads\/2024\/06\/2706246-150x150.jpg 150w, https:\/\/diarioparanaense.com\/wp-content\/uploads\/2024\/06\/2706246-768x768.jpg 768w, https:\/\/diarioparanaense.com\/wp-content\/uploads\/2024\/06\/2706246-696x696.jpg 696w, https:\/\/diarioparanaense.com\/wp-content\/uploads\/2024\/06\/2706246-420x420.jpg 420w\" sizes=\"auto, (max-width: 800px) 100vw, 800px\" \/><\/figure><\/div>\n\n\n<p>Apesar desses esfor\u00e7os, a presen\u00e7a de pessoas LGBTQIAPN+ no mercado de trabalho ainda enfrenta obst\u00e1culos consider\u00e1veis. Um levantamento do Instituto Ethos aponta que apenas 19% das empresas possuem pol\u00edticas de igualdade para LGBTQIAPN+ entre seus colaboradores. Al\u00e9m disso, uma pesquisa intitulada &#8220;Demitindo Preconceitos&#8221; revela que 38% das empresas em 14 estados brasileiros ainda apresentam restri\u00e7\u00f5es \u00e0 contrata\u00e7\u00e3o de homossexuais, e 40% dos LGBTQIAPN+ j\u00e1 sofreram discrimina\u00e7\u00e3o no trabalho. Estes dados mostram que muitos profissionais ainda escondem sua orienta\u00e7\u00e3o ou identidade de g\u00eanero por medo de repres\u00e1lias.<\/p>\n\n\n\n<p>&#8220;A inclus\u00e3o LGBTQIAPN+ no mercado de trabalho \u00e9 fundamental n\u00e3o apenas por raz\u00f5es de justi\u00e7a social, mas tamb\u00e9m pelo impacto positivo que traz \u00e0s organiza\u00e7\u00f5es. Consumidores est\u00e3o cada vez mais exigentes quanto \u00e0s pr\u00e1ticas sociais das empresas que apoiam, valorizando marcas com forte compromisso com a responsabilidade social. A diversidade nas equipes promove novas perspectivas, inova\u00e7\u00e3o e um ambiente mais din\u00e2mico&#8221;, conta Helena Gurgel.<\/p>\n\n\n\n<p>No contexto de ESG (Environmental, Social, and Governance), a inclus\u00e3o LGBTQIAPN+ \u00e9 um aspecto cr\u00edtico do pilar social. Empresas comprometidas com a diversidade tendem a apresentar melhores desempenhos financeiros, com estudos indicando que organiza\u00e7\u00f5es com equipes executivas diversas em termos de g\u00eanero s\u00e3o at\u00e9 33% mais lucrativas.<\/p>\n\n\n\n<p>No entanto, h\u00e1 um longo caminho a percorrer. Muitas empresas ainda n\u00e3o alocam or\u00e7amento ou equipes dedicadas \u00e0 implementa\u00e7\u00e3o de programas de ESG e diversidade. Em alguns casos, ocorre o &#8220;Diversity Washing&#8221; ou &#8220;ESG Washing&#8221;, onde empresas defendem publicamente causas como a inclus\u00e3o LGBTQIAPN+, mas n\u00e3o promovem mudan\u00e7as internas reais.<\/p>\n\n\n\n<p>Para evitar essa pr\u00e1tica e promover uma inclus\u00e3o genu\u00edna, \u00e9 essencial que as empresas implementem um plano ESG, assim realizando uma an\u00e1lise de dados e planejamento estrat\u00e9gico voltado para a diversidade e inclus\u00e3o. Desde 2017, os Padr\u00f5es de Conduta Corporativos LGBTQIA+ das Na\u00e7\u00f5es Unidas t\u00eam colocado a inclus\u00e3o LGBTQIAPN+ dentro da estrutura de Direitos Humanos, delineando responsabilidades empresariais. Organiza\u00e7\u00f5es que desejam integrar a diversidade LGBTQIAPN+ em suas pr\u00e1ticas ESG devem investir em ferramentas e guias para incorporar essa lente inclusiva em suas estruturas existentes.<\/p>\n\n\n\n<p>A inclus\u00e3o LGBTQIAPN+ no mundo empresarial \u00e9 um imperativo moral e estrat\u00e9gico, que exige um compromisso genu\u00edno e a\u00e7\u00f5es concretas das organiza\u00e7\u00f5es para promover um ambiente de trabalho verdadeiramente inclusivo e inovador.<\/p>\n\n\n\n<p><strong>Servi\u00e7o<\/strong>: Impactability<br><strong>Helena Gurgel<br>Head de Sustentabilidade<br><\/strong>helena@impactability.com.br<br>11 99401-9609<br><a href=\"http:\/\/www.impactability.com.br\">www.impactability.com.br<br><\/a><a href=\"https:\/\/www.linkedin.com\/company\/impactabilityhub\/\">https:\/\/www.linkedin.com\/company\/impactabilityhub\/<\/a><\/p>\n","protected":false},"excerpt":{"rendered":"<p>Pensamento sobre inclus\u00e3o n\u00e3o pode ser s\u00f3 uma moda A inclus\u00e3o da comunidade LGBTQIAPN+ no mercado de trabalho tem sido um tema de intensas discuss\u00f5es e desafios cont\u00ednuos. Enquanto gays e l\u00e9sbicas t\u00eam, em alguns casos, conseguido se afirmar no ambiente profissional, outras partes da comunidade, como as pessoas transexuais, ainda enfrentam barreiras significativas. Muitas [&hellip;]<\/p>\n","protected":false},"author":1,"featured_media":2876,"comment_status":"open","ping_status":"open","sticky":false,"template":"","format":"standard","meta":{"footnotes":""},"categories":[29],"tags":[],"class_list":["post-2875","post","type-post","status-publish","format-standard","has-post-thumbnail","hentry","category-artigos"],"_links":{"self":[{"href":"https:\/\/diarioparanaense.com\/index.php?rest_route=\/wp\/v2\/posts\/2875","targetHints":{"allow":["GET"]}}],"collection":[{"href":"https:\/\/diarioparanaense.com\/index.php?rest_route=\/wp\/v2\/posts"}],"about":[{"href":"https:\/\/diarioparanaense.com\/index.php?rest_route=\/wp\/v2\/types\/post"}],"author":[{"embeddable":true,"href":"https:\/\/diarioparanaense.com\/index.php?rest_route=\/wp\/v2\/users\/1"}],"replies":[{"embeddable":true,"href":"https:\/\/diarioparanaense.com\/index.php?rest_route=%2Fwp%2Fv2%2Fcomments&post=2875"}],"version-history":[{"count":1,"href":"https:\/\/diarioparanaense.com\/index.php?rest_route=\/wp\/v2\/posts\/2875\/revisions"}],"predecessor-version":[{"id":2878,"href":"https:\/\/diarioparanaense.com\/index.php?rest_route=\/wp\/v2\/posts\/2875\/revisions\/2878"}],"wp:featuredmedia":[{"embeddable":true,"href":"https:\/\/diarioparanaense.com\/index.php?rest_route=\/wp\/v2\/media\/2876"}],"wp:attachment":[{"href":"https:\/\/diarioparanaense.com\/index.php?rest_route=%2Fwp%2Fv2%2Fmedia&parent=2875"}],"wp:term":[{"taxonomy":"category","embeddable":true,"href":"https:\/\/diarioparanaense.com\/index.php?rest_route=%2Fwp%2Fv2%2Fcategories&post=2875"},{"taxonomy":"post_tag","embeddable":true,"href":"https:\/\/diarioparanaense.com\/index.php?rest_route=%2Fwp%2Fv2%2Ftags&post=2875"}],"curies":[{"name":"wp","href":"https:\/\/api.w.org\/{rel}","templated":true}]}}