{"id":2869,"date":"2024-06-27T09:53:26","date_gmt":"2024-06-27T12:53:26","guid":{"rendered":"https:\/\/diarioparanaense.com\/?p=2869"},"modified":"2024-06-27T09:53:26","modified_gmt":"2024-06-27T12:53:26","slug":"clube-curitibano-promove-a-3a-edicao-do-cub-talentos-literarios","status":"publish","type":"post","link":"https:\/\/diarioparanaense.com\/?p=2869","title":{"rendered":"Clube Curitibano promove a 3\u00aa edi\u00e7\u00e3o do CUB &#8211; Talentos Liter\u00e1rios"},"content":{"rendered":"\n<p class=\"has-medium-font-size\">Para celebrar a literatura local, o encontro foi conduzido pelo multiartista das artes c\u00eanicas e da m\u00fasica Rafael Camargo<\/p>\n\n\n\n<p>Os amantes da literatura tiveram a oportunidade de participar do evento \u201cCUB &#8211; Talentos Liter\u00e1rio\u201d, movimento organizado pelo Conselho de Usu\u00e1rios da Biblioteca (CUB) do Clube Curitibano. A a\u00e7\u00e3o chegou na 3\u00aa edi\u00e7\u00e3o e tem como objetivo lan\u00e7ar novos escritores e promover a literatura local. Para o m\u00eas de junho, o encontro foi conduzido por Rafael Camargo, multiartista das artes c\u00eanicas e da m\u00fasica, no Sal\u00e3o de Eventos da Sede Bar\u00e3o do Serro Azul<\/p>\n\n\n\n<p>Camargo \u00e9 assessor especial da Secretaria de Cultura do Estado do Paran\u00e1 e membro do Conselho do Patrim\u00f4nio Hist\u00f3rico do Paran\u00e1. O artista trouxe para o evento as suas experi\u00eancias no campo cultural. Durante o encontro, o autor compartilhou trechos de suas obras e tamb\u00e9m discutiu seus processos criativos e inspira\u00e7\u00f5es com o p\u00fablico presente.<\/p>\n\n\n\n<p>Tamb\u00e9m estar\u00e3o presentes os autores: Albino de Brito Freire, Ana Lucia Jansen de Mello de Santana, Camila Jansen de Mello de Santana, Carlos Frohlich, Daniela Gomes de Mattos Pedroso, Denise Cerqueira Leite Heller, Eric Dureli Venancio, Francisco Fernando Fontana, Guido Viaro, Joel Kriger, Luiz Felipe Leprevost, Marina Braga Carneiro, Regina Bley J Wolf, Sabine Villatore, Sandra Acosta.<\/p>\n\n\n\n<p>O CUB &#8211; Talentos Liter\u00e1rios oferece um espa\u00e7o para que os associados possam se lan\u00e7ar como autores e divulgar as obras ao p\u00fablico. Al\u00e9m disso, promove a diversidade de vozes e estilos na literatura e tamb\u00e9m fortalece os la\u00e7os comunit\u00e1rios ao reunir leitores, escritores e entusiastas em um espa\u00e7o dedicado \u00e0 arte e \u00e0 cultura.<\/p>\n\n\n\n<p>Para mais informa\u00e7\u00f5es sobre o evento e futuras edi\u00e7\u00f5es do CUB &#8211; Talentos Liter\u00e1rios, visite a Biblioteca Municipal ou acompanhe as redes sociais&nbsp;da&nbsp;institui\u00e7\u00e3o.<\/p>\n","protected":false},"excerpt":{"rendered":"<p>Para celebrar a literatura local, o encontro foi conduzido pelo multiartista das artes c\u00eanicas e da m\u00fasica Rafael Camargo Os amantes da literatura tiveram a oportunidade de participar do evento \u201cCUB &#8211; Talentos Liter\u00e1rio\u201d, movimento organizado pelo Conselho de Usu\u00e1rios da Biblioteca (CUB) do Clube Curitibano. A a\u00e7\u00e3o chegou na 3\u00aa edi\u00e7\u00e3o e tem como [&hellip;]<\/p>\n","protected":false},"author":1,"featured_media":2870,"comment_status":"open","ping_status":"open","sticky":false,"template":"","format":"standard","meta":{"footnotes":""},"categories":[142],"tags":[],"class_list":["post-2869","post","type-post","status-publish","format-standard","has-post-thumbnail","hentry","category-literatura"],"_links":{"self":[{"href":"https:\/\/diarioparanaense.com\/index.php?rest_route=\/wp\/v2\/posts\/2869","targetHints":{"allow":["GET"]}}],"collection":[{"href":"https:\/\/diarioparanaense.com\/index.php?rest_route=\/wp\/v2\/posts"}],"about":[{"href":"https:\/\/diarioparanaense.com\/index.php?rest_route=\/wp\/v2\/types\/post"}],"author":[{"embeddable":true,"href":"https:\/\/diarioparanaense.com\/index.php?rest_route=\/wp\/v2\/users\/1"}],"replies":[{"embeddable":true,"href":"https:\/\/diarioparanaense.com\/index.php?rest_route=%2Fwp%2Fv2%2Fcomments&post=2869"}],"version-history":[{"count":1,"href":"https:\/\/diarioparanaense.com\/index.php?rest_route=\/wp\/v2\/posts\/2869\/revisions"}],"predecessor-version":[{"id":2871,"href":"https:\/\/diarioparanaense.com\/index.php?rest_route=\/wp\/v2\/posts\/2869\/revisions\/2871"}],"wp:featuredmedia":[{"embeddable":true,"href":"https:\/\/diarioparanaense.com\/index.php?rest_route=\/wp\/v2\/media\/2870"}],"wp:attachment":[{"href":"https:\/\/diarioparanaense.com\/index.php?rest_route=%2Fwp%2Fv2%2Fmedia&parent=2869"}],"wp:term":[{"taxonomy":"category","embeddable":true,"href":"https:\/\/diarioparanaense.com\/index.php?rest_route=%2Fwp%2Fv2%2Fcategories&post=2869"},{"taxonomy":"post_tag","embeddable":true,"href":"https:\/\/diarioparanaense.com\/index.php?rest_route=%2Fwp%2Fv2%2Ftags&post=2869"}],"curies":[{"name":"wp","href":"https:\/\/api.w.org\/{rel}","templated":true}]}}