{"id":2866,"date":"2024-06-27T09:21:37","date_gmt":"2024-06-27T12:21:37","guid":{"rendered":"https:\/\/diarioparanaense.com\/?p=2866"},"modified":"2024-06-27T09:21:38","modified_gmt":"2024-06-27T12:21:38","slug":"colonia-de-ferias-na-escola-amplia-o-universo-ludico-das-criancas-e-promove-aprendizagem","status":"publish","type":"post","link":"https:\/\/diarioparanaense.com\/?p=2866","title":{"rendered":"Col\u00f4nia de F\u00e9rias na Escola amplia o universo l\u00fadico das crian\u00e7as e promove aprendizagem"},"content":{"rendered":"\n<p class=\"has-medium-font-size\">Escola Atua\u00e7\u00e3o desenvolve habilidades sociais, explora talentos e proporciona divers\u00e3o educativa para os estudantes<\/p>\n\n\n\n<p>Para oferecer uma perspectiva diferente \u00e0s f\u00e9rias, a Escola Atua\u00e7\u00e3o amplia este espa\u00e7o com atividades recreativas e educativas fundamentais para o crescimento pessoal e social dos estudantes. De 28 de junho a 05 de julho de 2024, a Col\u00f4nia de F\u00e9rias ir\u00e1 estimular a socializa\u00e7\u00e3o e o trabalho em equipe, desenvolvendo o universo l\u00fadico das crian\u00e7as e explorando seus talentos.<\/p>\n\n\n\n<p>Com uma variedade de atividades dispon\u00edveis, desde esportes at\u00e9 artes manuais, as crian\u00e7as ir\u00e3o aprender a fazer massinha caseira, dobraduras e desenhos, al\u00e9m de participar de brincadeiras como queimada, detetive e passa anel. Tamb\u00e9m ir\u00e3o ter atividades ao ar livre, como bets, gincana em equipes e circuito com obst\u00e1culos.<\/p>\n\n\n\n<p>&#8220;A Col\u00f4nia de F\u00e9rias tamb\u00e9m contribui para o desenvolvimento emocional e psicol\u00f3gico das crian\u00e7as, oferecendo um ambiente que possam experimentar a autonomia e a tomar decis\u00f5es. Isso fortalece a confian\u00e7a e a autoestima, fundamentais para enfrentar desafios futuros&#8221;, destaca a diretora Carolina Pereira Frizon.<\/p>\n\n\n\n<p>Segundo a diretora, al\u00e9m dos benef\u00edcios individuais, esse per\u00edodo na escola tamb\u00e9m desempenha um papel importante para as fam\u00edlias. \u201cA Col\u00f4nia \u00e9 uma op\u00e7\u00e3o segura e estruturada para os pais que trabalham durante as f\u00e9rias escolares\u201d, explica.<\/p>\n\n\n\n<p class=\"has-medium-font-size\">Servi\u00e7o<\/p>\n\n\n\n<p><strong>Col\u00f4nia de F\u00e9rias para estudantes da Escola Atua\u00e7\u00e3o<br>Data<\/strong>: De 28 de junho a 05 de julho e de 8 a 15 de julho<br><strong>Hor\u00e1rio<\/strong>: Das 8h30 \u00e0s 17h<br><strong>Para mais informa\u00e7\u00f5es<\/strong>: secretariaboqueirao@escolaatuacao.com.br ou secretariasanta@escolaatuacao.com.br<\/p>\n","protected":false},"excerpt":{"rendered":"<p>Escola Atua\u00e7\u00e3o desenvolve habilidades sociais, explora talentos e proporciona divers\u00e3o educativa para os estudantes Para oferecer uma perspectiva diferente \u00e0s f\u00e9rias, a Escola Atua\u00e7\u00e3o amplia este espa\u00e7o com atividades recreativas e educativas fundamentais para o crescimento pessoal e social dos estudantes. De 28 de junho a 05 de julho de 2024, a Col\u00f4nia de F\u00e9rias [&hellip;]<\/p>\n","protected":false},"author":1,"featured_media":2867,"comment_status":"open","ping_status":"open","sticky":false,"template":"","format":"standard","meta":{"footnotes":""},"categories":[148],"tags":[],"class_list":["post-2866","post","type-post","status-publish","format-standard","has-post-thumbnail","hentry","category-educacao"],"_links":{"self":[{"href":"https:\/\/diarioparanaense.com\/index.php?rest_route=\/wp\/v2\/posts\/2866","targetHints":{"allow":["GET"]}}],"collection":[{"href":"https:\/\/diarioparanaense.com\/index.php?rest_route=\/wp\/v2\/posts"}],"about":[{"href":"https:\/\/diarioparanaense.com\/index.php?rest_route=\/wp\/v2\/types\/post"}],"author":[{"embeddable":true,"href":"https:\/\/diarioparanaense.com\/index.php?rest_route=\/wp\/v2\/users\/1"}],"replies":[{"embeddable":true,"href":"https:\/\/diarioparanaense.com\/index.php?rest_route=%2Fwp%2Fv2%2Fcomments&post=2866"}],"version-history":[{"count":1,"href":"https:\/\/diarioparanaense.com\/index.php?rest_route=\/wp\/v2\/posts\/2866\/revisions"}],"predecessor-version":[{"id":2868,"href":"https:\/\/diarioparanaense.com\/index.php?rest_route=\/wp\/v2\/posts\/2866\/revisions\/2868"}],"wp:featuredmedia":[{"embeddable":true,"href":"https:\/\/diarioparanaense.com\/index.php?rest_route=\/wp\/v2\/media\/2867"}],"wp:attachment":[{"href":"https:\/\/diarioparanaense.com\/index.php?rest_route=%2Fwp%2Fv2%2Fmedia&parent=2866"}],"wp:term":[{"taxonomy":"category","embeddable":true,"href":"https:\/\/diarioparanaense.com\/index.php?rest_route=%2Fwp%2Fv2%2Fcategories&post=2866"},{"taxonomy":"post_tag","embeddable":true,"href":"https:\/\/diarioparanaense.com\/index.php?rest_route=%2Fwp%2Fv2%2Ftags&post=2866"}],"curies":[{"name":"wp","href":"https:\/\/api.w.org\/{rel}","templated":true}]}}