{"id":2854,"date":"2024-06-25T15:04:31","date_gmt":"2024-06-25T18:04:31","guid":{"rendered":"https:\/\/diarioparanaense.com\/?p=2854"},"modified":"2024-06-25T15:04:32","modified_gmt":"2024-06-25T18:04:32","slug":"a-politica-nacional-de-cuidados-paliativos-um-grande-avanco-na-saude-do-pais","status":"publish","type":"post","link":"https:\/\/diarioparanaense.com\/?p=2854","title":{"rendered":"A Pol\u00edtica Nacional de Cuidados Paliativos: um grande avan\u00e7o na Sa\u00fade do pa\u00eds"},"content":{"rendered":"\n<p class=\"has-medium-font-size\">*Rodrigo Rodrigues<\/p>\n\n\n\n<p>A Portaria GM\/MS n\u00b0 3.681 que estabelece a Pol\u00edtica Nacional de Cuidados Paliativos (PNCP), no \u00e2mbito do Sistema \u00danico de Sa\u00fade (SUS), acaba de ser lan\u00e7ada e j\u00e1 pode ser considerada um marco significativo para a sa\u00fade no Brasil. Essa importante altera\u00e7\u00e3o ocorre sete anos ap\u00f3s a Portaria de Consolida\u00e7\u00e3o GM\/MS n\u00b02, de 28 de setembro de 2017 que, de fato, necessitava de uma mudan\u00e7a urgente, visto sua import\u00e2ncia e os impactos dos cuidados paliativos no pa\u00eds.<\/p>\n\n\n\n<p>Com a publica\u00e7\u00e3o da Portaria, os profissionais de sa\u00fade ganham embasamento legal para a pr\u00e1tica de cuidados paliativos, al\u00e9m de um reconhecimento formal de sua import\u00e2ncia no sistema de sa\u00fade. Trata-se, de fato, de uma a\u00e7\u00e3o que ir\u00e1 impactar a pr\u00e1tica de cuidados paliativos, a m\u00e9dio e longo prazo, iniciando pelo SUS mas que deve se estender para o sistema privado.<\/p>\n\n\n\n<p>Embora n\u00e3o seja um especialista t\u00e9cnico, compartilho minhas observa\u00e7\u00f5es sobre as experi\u00eancias de dor e ang\u00fastia enfrentadas por familiares quando precisam tomar decis\u00f5es cruciais sobre os cuidados de seus entes queridos.<\/p>\n\n\n\n<p>Vejo os cuidados paliativos como uma abordagem essencial para aliviar o sofrimento dos pacientes em qualquer est\u00e1gio da doen\u00e7a, n\u00e3o apenas no fim da vida. \u00c9 importante destacar que cuidados paliativos n\u00e3o se limitam \u00e0 proximidade da morte, mas abrangem todo o processo da doen\u00e7a, devendo ser encarados de maneira positiva. Infelizmente, na pr\u00e1tica, essa perspectiva muitas vezes n\u00e3o se reflete na cobertura assistencial dispon\u00edvel.<\/p>\n\n\n\n<p>Frequentemente, as fam\u00edlias percebem a necessidade dos cuidados paliativos apenas na fase final da doen\u00e7a [Finitude]. Quando essa necessidade surge, os pacientes costumam passar seus \u00faltimos momentos em UTIs e hospitais que n\u00e3o possuem equipes especializadas, o que agrava a experi\u00eancia. Aspectos biopsicossociais e espirituais s\u00e3o frequentemente ignorados, tornando o momento ainda mais dif\u00edcil e doloroso.<\/p>\n\n\n\n<p>A PNCP representa um al\u00edvio inicial e um grande passo para melhorar essa abordagem de cuidado t\u00e3o importante, ainda em crescente desenvolvimento. Com o envelhecimento da popula\u00e7\u00e3o, a demanda por cuidados paliativos aumentar\u00e1, exigindo maior clareza sobre os direitos dos pacientes, como o uso do codicilo (manifesta\u00e7\u00e3o da \u00faltima vontade), testamento vital entre outros.<\/p>\n\n\n\n<p>\u00c9 importante lembrar que a Sa\u00fade Suplementar (privada) faz parte do SUS, portanto a pol\u00edtica deve ser implementada de maneira semelhante em hospitais especializados e de transi\u00e7\u00e3o de cuidados. A PNCP prop\u00f5e a integra\u00e7\u00e3o dos cuidados paliativos em todos os n\u00edveis de aten\u00e7\u00e3o \u00e0 sa\u00fade, desde a aten\u00e7\u00e3o b\u00e1sica at\u00e9 os servi\u00e7os especializados.<\/p>\n\n\n\n<p>Al\u00e9m disso, a inclus\u00e3o da palia\u00e7\u00e3o na Aten\u00e7\u00e3o Prim\u00e1ria \u00e0 Sa\u00fade (APS) pode evitar interna\u00e7\u00f5es desnecess\u00e1rias e reduzir o sofrimento dos familiares ao longo da jornada do paciente.<\/p>\n\n\n\n<p>A pol\u00edtica p\u00fablica tornar\u00e1 vi\u00e1vel que os pacientes eleg\u00edveis, em qualquer lugar do pa\u00eds, independentemente de sua condi\u00e7\u00e3o socioecon\u00f4mica, tenham acesso a cuidados paliativos de qualidade.<\/p>\n\n\n\n<p>Uma das quest\u00f5es que chama a aten\u00e7\u00e3o na PNCP \u00e9 o respeito \u00e0 autonomia dos pacientes. Isso significa que eles t\u00eam o direito de participar ativamente nas decis\u00f5es sobre seu tratamento e cuidados, considerando suas prefer\u00eancias e valores pessoais.<\/p>\n\n\n\n<p>Al\u00e9m disso, a PNCP d\u00e1 \u00eanfase na import\u00e2ncia do trabalho em equipe multiprofissional, envolvendo m\u00e9dicos, enfermeiros, psic\u00f3logos, assistentes sociais, terapeutas ocupacionais, fonoaudi\u00f3logos, entre outros. A proposta \u00e9 oferecer um cuidado abrangente e individualizado.<\/p>\n\n\n\n<p>Esperamos que este avan\u00e7o seja cont\u00ednuo, com maior conscientiza\u00e7\u00e3o e sensibilidade entre os profissionais de sa\u00fade. Que possamos seguir adiante com uma vis\u00e3o mais humanizada, sens\u00edvel e compassiva dos cuidados paliativos.<\/p>\n\n\n\n<p><strong>*Rodrigo Rodrigues \u00e9 Diretor de Relacionamentos da YUNA, institui\u00e7\u00e3o especializada em reabilita\u00e7\u00e3o e cuidados\u00a0paliativos.<\/strong><\/p>\n","protected":false},"excerpt":{"rendered":"<p>*Rodrigo Rodrigues A Portaria GM\/MS n\u00b0 3.681 que estabelece a Pol\u00edtica Nacional de Cuidados Paliativos (PNCP), no \u00e2mbito do Sistema \u00danico de Sa\u00fade (SUS), acaba de ser lan\u00e7ada e j\u00e1 pode ser considerada um marco significativo para a sa\u00fade no Brasil. Essa importante altera\u00e7\u00e3o ocorre sete anos ap\u00f3s a Portaria de Consolida\u00e7\u00e3o GM\/MS n\u00b02, de [&hellip;]<\/p>\n","protected":false},"author":1,"featured_media":2855,"comment_status":"open","ping_status":"open","sticky":false,"template":"","format":"standard","meta":{"footnotes":""},"categories":[430],"tags":[],"class_list":["post-2854","post","type-post","status-publish","format-standard","has-post-thumbnail","hentry","category-sociedade"],"_links":{"self":[{"href":"https:\/\/diarioparanaense.com\/index.php?rest_route=\/wp\/v2\/posts\/2854","targetHints":{"allow":["GET"]}}],"collection":[{"href":"https:\/\/diarioparanaense.com\/index.php?rest_route=\/wp\/v2\/posts"}],"about":[{"href":"https:\/\/diarioparanaense.com\/index.php?rest_route=\/wp\/v2\/types\/post"}],"author":[{"embeddable":true,"href":"https:\/\/diarioparanaense.com\/index.php?rest_route=\/wp\/v2\/users\/1"}],"replies":[{"embeddable":true,"href":"https:\/\/diarioparanaense.com\/index.php?rest_route=%2Fwp%2Fv2%2Fcomments&post=2854"}],"version-history":[{"count":1,"href":"https:\/\/diarioparanaense.com\/index.php?rest_route=\/wp\/v2\/posts\/2854\/revisions"}],"predecessor-version":[{"id":2856,"href":"https:\/\/diarioparanaense.com\/index.php?rest_route=\/wp\/v2\/posts\/2854\/revisions\/2856"}],"wp:featuredmedia":[{"embeddable":true,"href":"https:\/\/diarioparanaense.com\/index.php?rest_route=\/wp\/v2\/media\/2855"}],"wp:attachment":[{"href":"https:\/\/diarioparanaense.com\/index.php?rest_route=%2Fwp%2Fv2%2Fmedia&parent=2854"}],"wp:term":[{"taxonomy":"category","embeddable":true,"href":"https:\/\/diarioparanaense.com\/index.php?rest_route=%2Fwp%2Fv2%2Fcategories&post=2854"},{"taxonomy":"post_tag","embeddable":true,"href":"https:\/\/diarioparanaense.com\/index.php?rest_route=%2Fwp%2Fv2%2Ftags&post=2854"}],"curies":[{"name":"wp","href":"https:\/\/api.w.org\/{rel}","templated":true}]}}