{"id":2851,"date":"2024-06-25T14:06:11","date_gmt":"2024-06-25T17:06:11","guid":{"rendered":"https:\/\/diarioparanaense.com\/?p=2851"},"modified":"2024-06-25T14:06:12","modified_gmt":"2024-06-25T17:06:12","slug":"uso-prolongado-de-telas-aumenta-depressao-em-ate-72-das-criancas","status":"publish","type":"post","link":"https:\/\/diarioparanaense.com\/?p=2851","title":{"rendered":"Uso prolongado de telas aumenta depress\u00e3o em at\u00e9 72% das crian\u00e7as"},"content":{"rendered":"\n<p class=\"has-medium-font-size\">Smartphones, tablets e computadores s\u00e3o ferramentas importantes para educa\u00e7\u00e3o dos jovens, mas exigem cuidados de pais e educadores<\/p>\n\n\n\n<p>Uma pesquisa divulgada em 2023 pela Universidade Federal de Minas Gerais (UFMG) revelou que 72% das crian\u00e7as avaliadas apresentaram aumento nos sintomas de depress\u00e3o devido ao uso excessivo de dispositivos como smartphones, tablets e computadores. Embora esses aparelhos sejam fundamentais na educa\u00e7\u00e3o dos jovens, seu uso requer supervis\u00e3o e aten\u00e7\u00e3o por parte dos pais, educadores e profissionais de sa\u00fade.<\/p>\n\n\n\n<p>O uso excessivo de telas tamb\u00e9m afeta o desenvolvimento f\u00edsico dos jovens, contribuindo para o sedentarismo, obesidade infantil e limita\u00e7\u00f5es motoras. Al\u00e9m disso, h\u00e1 impactos psicol\u00f3gicos significativos, incluindo d\u00e9ficits de concentra\u00e7\u00e3o, aten\u00e7\u00e3o e habilidades de resolu\u00e7\u00e3o de problemas.<\/p>\n\n\n\n<p>De acordo com o Vice-Presidente do Sindicato das Escolas Particulares (Sinepe\/PR), Haroldo Andriguetto J\u00fanior, os professores t\u00eam percebido que as crian\u00e7as que convivem com excesso de telas t\u00eam menos foco e intera\u00e7\u00e3o social. \u201cMuitas vezes, as telas t\u00eam causado dist\u00farbios de sono, vis\u00e3o e at\u00e9 humor, comprometendo as condi\u00e7\u00f5es m\u00ednimas para que um estudante tenha disposi\u00e7\u00e3o para aprender em sala\u201d, explica.<\/p>\n\n\n\n<p>Segundo a Sociedade Brasileira de Pediatria, \u00e9 recomendado que crian\u00e7as at\u00e9 2 anos de idade n\u00e3o tenham nenhum contato com telas. Dos 2 aos 5 anos, o m\u00e1ximo recomendado \u00e9 1 hora por dia, com supervis\u00e3o. Dos 6 aos 10 anos, esse tempo pode aumentar para 1 a 2 horas di\u00e1rias, tamb\u00e9m com supervis\u00e3o. J\u00e1 dos 11 aos 18 anos, o indicado \u00e9 de 2 a 3 horas por dia, sem pernoite diante das telas.<\/p>\n\n\n\n<p>&#8220;Com o uso correto desses dispositivos, eles podem ser ferramentas de estudo. Por meio de plataformas interativas de ensino s\u00edncrono e ass\u00edncrono, e-books, artigos, e at\u00e9 mesmo da intelig\u00eancia artificial. Informa\u00e7\u00f5es temos e teremos cada vez mais, o desafio ser\u00e1 buscar e seguir a fonte confi\u00e1vel e atual de dados, bem como eleger a maneira mais \u00e9tica e eficaz de cruzar estes dados para an\u00e1lises profundas, estudo e aplica\u00e7\u00e3o a servi\u00e7o da sociedade&#8221;, explica&nbsp;Haroldo.<\/p>\n","protected":false},"excerpt":{"rendered":"<p>Smartphones, tablets e computadores s\u00e3o ferramentas importantes para educa\u00e7\u00e3o dos jovens, mas exigem cuidados de pais e educadores Uma pesquisa divulgada em 2023 pela Universidade Federal de Minas Gerais (UFMG) revelou que 72% das crian\u00e7as avaliadas apresentaram aumento nos sintomas de depress\u00e3o devido ao uso excessivo de dispositivos como smartphones, tablets e computadores. Embora esses [&hellip;]<\/p>\n","protected":false},"author":1,"featured_media":2852,"comment_status":"open","ping_status":"open","sticky":false,"template":"","format":"standard","meta":{"footnotes":""},"categories":[164,430],"tags":[],"class_list":["post-2851","post","type-post","status-publish","format-standard","has-post-thumbnail","hentry","category-saude-2","category-sociedade"],"_links":{"self":[{"href":"https:\/\/diarioparanaense.com\/index.php?rest_route=\/wp\/v2\/posts\/2851","targetHints":{"allow":["GET"]}}],"collection":[{"href":"https:\/\/diarioparanaense.com\/index.php?rest_route=\/wp\/v2\/posts"}],"about":[{"href":"https:\/\/diarioparanaense.com\/index.php?rest_route=\/wp\/v2\/types\/post"}],"author":[{"embeddable":true,"href":"https:\/\/diarioparanaense.com\/index.php?rest_route=\/wp\/v2\/users\/1"}],"replies":[{"embeddable":true,"href":"https:\/\/diarioparanaense.com\/index.php?rest_route=%2Fwp%2Fv2%2Fcomments&post=2851"}],"version-history":[{"count":1,"href":"https:\/\/diarioparanaense.com\/index.php?rest_route=\/wp\/v2\/posts\/2851\/revisions"}],"predecessor-version":[{"id":2853,"href":"https:\/\/diarioparanaense.com\/index.php?rest_route=\/wp\/v2\/posts\/2851\/revisions\/2853"}],"wp:featuredmedia":[{"embeddable":true,"href":"https:\/\/diarioparanaense.com\/index.php?rest_route=\/wp\/v2\/media\/2852"}],"wp:attachment":[{"href":"https:\/\/diarioparanaense.com\/index.php?rest_route=%2Fwp%2Fv2%2Fmedia&parent=2851"}],"wp:term":[{"taxonomy":"category","embeddable":true,"href":"https:\/\/diarioparanaense.com\/index.php?rest_route=%2Fwp%2Fv2%2Fcategories&post=2851"},{"taxonomy":"post_tag","embeddable":true,"href":"https:\/\/diarioparanaense.com\/index.php?rest_route=%2Fwp%2Fv2%2Ftags&post=2851"}],"curies":[{"name":"wp","href":"https:\/\/api.w.org\/{rel}","templated":true}]}}