{"id":2834,"date":"2024-06-24T16:03:58","date_gmt":"2024-06-24T19:03:58","guid":{"rendered":"https:\/\/diarioparanaense.com\/?p=2834"},"modified":"2024-06-24T16:03:59","modified_gmt":"2024-06-24T19:03:59","slug":"a-necessidade-de-um-plano-esg-para-pmes","status":"publish","type":"post","link":"https:\/\/diarioparanaense.com\/?p=2834","title":{"rendered":"A necessidade de um plano ESG para PMEs"},"content":{"rendered":"\n<p class=\"has-medium-font-size\">Como um plano ESG pode alavancar sua empresa<\/p>\n\n\n\n<p>O conceito de ESG (Environmental, Social, and Governance &#8211; Ambiental, Social e Governan\u00e7a) est\u00e1 cada vez mais no centro das preocupa\u00e7\u00f5es corporativas, as afetando n\u00e3o apenas economicamente mas sim como s\u00e3o percebidas e avaliadas no mercado. Pois o ESG n\u00e3o destaca apenas a import\u00e2ncia da sustentabilidade e responsabilidade social, mas tamb\u00e9m enfatiza a transpar\u00eancia e \u00e9tica na gest\u00e3o empresarial.<\/p>\n\n\n\n<p>Para entender um pouco melhor pedimos ajuda ao Glaico Gundim Head de ESG da Impactability que diz. &#8220;O &#8220;E&#8221; \u00e9 o aspecto ambiental, que impulsiona as organiza\u00e7\u00f5es a adotarem pr\u00e1ticas que minimizem seu impacto no meio ambiente, como a gest\u00e3o eficiente dos recursos naturais e a redu\u00e7\u00e3o da emiss\u00e3o de poluentes. O &#8220;S&#8221; \u00e9 o \u00e2mbito social, crucial na forma como a empresa se relaciona com seus colaboradores, clientes e comunidade, promovendo a igualdade, inclus\u00e3o e respeito aos direitos humanos. J\u00e1 o &#8220;G&#8221; de governan\u00e7a, destaca a transpar\u00eancia, \u00e9tica e integridade nos processos decis\u00f3rios da empresa.&#8221;<\/p>\n\n\n\n<p>Por uma quest\u00e3o l\u00f3gica de cuidar do seu planeta e sociedade muitas empresas t\u00eam sido pressionadas a integrarem os crit\u00e9rios ESG em suas estrat\u00e9gias e pr\u00e1ticas. Por\u00e9m poucas sabem como iniciar nesse processo de mudan\u00e7a, para isso algumas empresas criam planos para guiar outros empres\u00e1rios e empreendedores por um caminho correto e eficiente, como a Impactability por exemplo com seu plano de inicia\u00e7\u00e3o ESG First Steps.<\/p>\n\n\n\n<p>Para as PMEs interessadas em come\u00e7ar um plano ESG, o Planos como o ESG First Steps traz diversas vantagens. &#8220;Fornecemos um relat\u00f3rio completo sobre o est\u00e1gio de maturidade ESG da empresa, orienta\u00e7\u00e3o estrat\u00e9gica, sugest\u00f5es de iniciativas e feedback personalizado feito por nossos especialistas&#8221;, diz Glaico Gundim.<\/p>\n\n\n\n<p>Al\u00e9m de melhorar a reputa\u00e7\u00e3o da empresa, a ado\u00e7\u00e3o desses crit\u00e9rios atrai e ret\u00e9m talentos, clientes e investidores que valorizam pr\u00e1ticas \u00e9ticas e sustent\u00e1veis. O estudo \u201cTend\u00eancias de RH 2023\u201d elaborado pela Korn Ferry na metade de 2023 com a participa\u00e7\u00e3o de 625 empresas em pa\u00edses da Am\u00e9rica Latina indicou que 75% das empresas participantes da pesquisa planejam adotar as pr\u00e1ticas ESG entre os pr\u00f3ximos 12 a 18 meses, uma das poss\u00edveis motiva\u00e7\u00f5es dessa ado\u00e7\u00e3o \u00e9 o vis\u00edvel melhor desempenho ao longo do tempo de empresas com boa gest\u00e3o socioambiental, pois recebem um retorno em forma de reputa\u00e7\u00e3o e poss\u00edveis investidores.<\/p>\n\n\n\n<p>Mas para iniciar um plano ESG, \u00e9 crucial compreender sua import\u00e2ncia e impacto nos neg\u00f3cios, realizar uma an\u00e1lise de maturidade, definir metas alinhadas aos princ\u00edpios ESG e envolver os colaboradores e stakeholders.<\/p>\n\n\n\n<p>Em resumo, as empresas precisam de um plano ESG para se adaptarem ao mercado, demonstrarem responsabilidade social e ambiental, atrair investidores e garantir sua sustentabilidade. Com a ajuda de planos externos \u00e9 poss\u00edvel oferecer direcionamento estrat\u00e9gico para as PMEs que desejam iniciar nesse caminho<\/p>\n\n\n\n<p>Servi\u00e7o: Impactability<br><strong>Glaico Gundim<br>Head de ESG da Impactability<br><\/strong>41 99968-9378<br>@impactability.hub<br>glaico@impactability.com.br<br><a href=\"https:\/\/www.linkedin.com\/in\/glaico?originalSubdomain=br\n\">https:\/\/www.linkedin.com\/in\/glaico?originalSubdomain=br<br><\/a><a href=\"http:\/\/www.impactability.com.br\">www.impactability.com.br<\/a><\/p>\n","protected":false},"excerpt":{"rendered":"<p>Como um plano ESG pode alavancar sua empresa O conceito de ESG (Environmental, Social, and Governance &#8211; Ambiental, Social e Governan\u00e7a) est\u00e1 cada vez mais no centro das preocupa\u00e7\u00f5es corporativas, as afetando n\u00e3o apenas economicamente mas sim como s\u00e3o percebidas e avaliadas no mercado. Pois o ESG n\u00e3o destaca apenas a import\u00e2ncia da sustentabilidade e [&hellip;]<\/p>\n","protected":false},"author":1,"featured_media":2838,"comment_status":"open","ping_status":"open","sticky":false,"template":"","format":"standard","meta":{"footnotes":""},"categories":[324],"tags":[],"class_list":["post-2834","post","type-post","status-publish","format-standard","has-post-thumbnail","hentry","category-negocios"],"_links":{"self":[{"href":"https:\/\/diarioparanaense.com\/index.php?rest_route=\/wp\/v2\/posts\/2834","targetHints":{"allow":["GET"]}}],"collection":[{"href":"https:\/\/diarioparanaense.com\/index.php?rest_route=\/wp\/v2\/posts"}],"about":[{"href":"https:\/\/diarioparanaense.com\/index.php?rest_route=\/wp\/v2\/types\/post"}],"author":[{"embeddable":true,"href":"https:\/\/diarioparanaense.com\/index.php?rest_route=\/wp\/v2\/users\/1"}],"replies":[{"embeddable":true,"href":"https:\/\/diarioparanaense.com\/index.php?rest_route=%2Fwp%2Fv2%2Fcomments&post=2834"}],"version-history":[{"count":1,"href":"https:\/\/diarioparanaense.com\/index.php?rest_route=\/wp\/v2\/posts\/2834\/revisions"}],"predecessor-version":[{"id":2839,"href":"https:\/\/diarioparanaense.com\/index.php?rest_route=\/wp\/v2\/posts\/2834\/revisions\/2839"}],"wp:featuredmedia":[{"embeddable":true,"href":"https:\/\/diarioparanaense.com\/index.php?rest_route=\/wp\/v2\/media\/2838"}],"wp:attachment":[{"href":"https:\/\/diarioparanaense.com\/index.php?rest_route=%2Fwp%2Fv2%2Fmedia&parent=2834"}],"wp:term":[{"taxonomy":"category","embeddable":true,"href":"https:\/\/diarioparanaense.com\/index.php?rest_route=%2Fwp%2Fv2%2Fcategories&post=2834"},{"taxonomy":"post_tag","embeddable":true,"href":"https:\/\/diarioparanaense.com\/index.php?rest_route=%2Fwp%2Fv2%2Ftags&post=2834"}],"curies":[{"name":"wp","href":"https:\/\/api.w.org\/{rel}","templated":true}]}}