{"id":2826,"date":"2024-06-24T10:37:31","date_gmt":"2024-06-24T13:37:31","guid":{"rendered":"https:\/\/diarioparanaense.com\/?p=2826"},"modified":"2024-06-24T10:37:32","modified_gmt":"2024-06-24T13:37:32","slug":"o-numero-de-mortes-de-idosos-por-queda-no-brasil-quase-dobrou-em-10-anos","status":"publish","type":"post","link":"https:\/\/diarioparanaense.com\/?p=2826","title":{"rendered":"O n\u00famero de mortes de idosos por queda no Brasil quase dobrou em 10 anos"},"content":{"rendered":"\n<p class=\"has-medium-font-size\">Dia 24 de junho \u00e9 marcado como Dia Mundial de Preven\u00e7\u00e3o de Quedas em Idosos<\/p>\n\n\n\n<p>De acordo com informa\u00e7\u00f5es do DATASUS, nos dois primeiros meses de 2024, o *SUS registrou 285 atendimentos por dia causados por quedas em idosos*. Em janeiro e fevereiro, foram registrados *17.136 atendimentos hospitalares e 9.658 atendimentos ambulatoriais* , envolvendo idosos, na faixa et\u00e1ria de 60 a 110 anos.<\/p>\n\n\n\n<p>Sendo considerada a terceira maior causa de mortalidade entre pessoas com mais de 65 anos no Brasil, entre 2013 e 2022, o n\u00famero total de mortes de idosos foi de 70.516. O Dr. Marco Aur\u00e9lio Silv\u00e9rio Neves,ortopedista e traumatologista especializado em cirurgia de <a href=\"https:\/\/drmarcoaurelio.com.br\/blog\/protese-de-quadril-via-anterior\/\">pr\u00f3tese de quadril via anterior<\/a> (AMIS) e de joelho, destaca que diversos fatores podem causar algum tipo de queda nos idosos, tais como perda muscular, problemas neurol\u00f3gicos, efeitos colaterais de algum rem\u00e9dio, perda de vis\u00e3o e audi\u00e7\u00e3o, al\u00e9m de doen\u00e7as ortop\u00e9dicas.<\/p>\n\n\n\n<p>O especialista aponta que o incentivo \u00e0 mobilidade e a pr\u00e1tica de esportes deveria ser maior, j\u00e1 que a preven\u00e7\u00e3o \u00e9 sempre a melhor solu\u00e7\u00e3o. &#8220;Apesar de os tombos serem frequentes durante a vida, \u00e9 ap\u00f3s os 60 anos que eles podem se tornar mais comuns, dessa forma \u00e9 muito importante incentivar os idosos a fortalecerem suas musculaturas&#8221;, complementa.&nbsp;<\/p>\n\n\n\n<p>De acordo com o <a href=\"https:\/\/www.drmarcoaurelio.com.br\">Dr. Marco Aur\u00e9lio<\/a>, que tamb\u00e9m \u00e9 membro da Sociedade Brasileira de Ortopedia e Traumatologia (SBOT), com o envelhecimento natural, o corpo humano vai perdendo massa e for\u00e7a muscular, a chamada sarcopenia, da\u00ed vem a import\u00e2ncia dos exerc\u00edcios f\u00edsicos para o fortalecimento dos m\u00fasculos. &#8220;Essa perda de massa muscular faz com que os idosos tenham uma tend\u00eancia maior de desequil\u00edbrio, o que acaba gerando a maior parte dos acidentes&#8221;, explica.&nbsp;<\/p>\n\n\n\n<p>Entretanto, o especialista refor\u00e7a que n\u00e3o \u00e9 apenas a perda de massa muscular que gera os acidentes. &#8220;Ao mesmo tempo, quem tem mais de 60 anos, possui maior tend\u00eancia de ter comorbidades, como altera\u00e7\u00f5es neurol\u00f3gicas, que podem, por exemplo, gerar uma tontura e uma consequente queda&#8221;.<\/p>\n\n\n\n<p>Por fim, o cirurgi\u00e3o ortopedista, al\u00e9m de acompanhamento m\u00e9dico para que se possa adiantar o aparecimento de comorbidades e tratar o quanto antes, evitando acidentes de quedas e outros, recomenda que pessoas com mais de 60 anos foquem na realiza\u00e7\u00e3o de atividades como nata\u00e7\u00e3o, caminhada, alongamento, pilates, entre outros exerc\u00edcios que podem fortalecer a musculatura. \u201cMas sempre realizar as atividades indicadas pelo m\u00e9dico\u201d, ressalta Dr. Marco Aur\u00e9lio.<\/p>\n\n\n\n<p><strong>Sobre Dr. Marco Aur\u00e9lio S. Neves<\/strong><\/p>\n\n\n\n<p>Dr Marco Aur\u00e9lio S. Neves, ortopedista e traumatologista, especializado em pr\u00f3teses de quadril e joelho.<\/p>\n\n\n\n<p>Pioneiro no Brasil em t\u00e9cnicas avan\u00e7adas para realiza\u00e7\u00e3o de cirurgias de pr\u00f3tese de quadril e de joelho.&nbsp; Conta com especializa\u00e7\u00e3o em Ortopedia e Traumatologia (2001) e em Cirurgia do Quadril e do Joelho (2002 e 2003), pelo Hospital das Cl\u00ednicas da Faculdade de Medicina da Universidade de S\u00e3o Paulo (HC \u2013 FMUSP).<\/p>\n\n\n\n<p>O grande diferencial do m\u00e9dico s\u00e3o as bases tecnol\u00f3gicas aplicadas na pr\u00f3tese de joelho, o uso de guias customizadas feitas sob medida para cada paciente, por meio de impress\u00e3o 3D, aumenta a precis\u00e3o da cirurgia, otimizando os resultados. E na cirurgia de pr\u00f3tese de quadril, pioneiro na utiliza\u00e7\u00e3o da via anterior \u00e9 a \u00fanica que possibilita o m\u00e9todo verdadeiramente n\u00e3o invasivo (AMIS), preservando m\u00fasculos e tend\u00f5es.<\/p>\n\n\n\n<p>A realidade aumentada e a rob\u00f3tica para diminuir a agress\u00e3o da cirurgia e permitir uma recupera\u00e7\u00e3o mais r\u00e1pida tamb\u00e9m j\u00e1 s\u00e3o uma realidade. Um dos pioneiros no Brasil em t\u00e9cnicas avan\u00e7adas para realiza\u00e7\u00e3o de cirurgias de pr\u00f3tese de quadril e de joelho.<\/p>\n\n\n\n<p>Especializa\u00e7\u00f5es em centros de refer\u00eancia em cirurgia ortop\u00e9dica do mundo, entre eles: Presbyterian Hospital Plano (Texas, Estados Unidos, 2004), Hospital Jan Palfij (Gent, B\u00e9lgica, 2006), Clinic Dr. Decker (Munique, Alemanha, 2006), The Steadman Clinic (Vail, Estados Unidos, 2009), South West London Orthopaedic Center (Inglaterra, 2013), Le Centre M\u00e9dico Chirurgical Paris V (Paris, Fran\u00e7a, 2015).<\/p>\n\n\n\n<p>Para mais informa\u00e7\u00f5es: <a href=\"http:\/\/www.drmarcoaurelio.com.br\">www.drmarcoaurelio.com.br<\/a><\/p>\n\n\n\n<p>Instagram: @drmarcoaurelio.ortopedia<\/p>\n\n\n\n<p>Linkedin: marco-aurelio-silverio-neves<\/p>\n","protected":false},"excerpt":{"rendered":"<p>Dia 24 de junho \u00e9 marcado como Dia Mundial de Preven\u00e7\u00e3o de Quedas em Idosos De acordo com informa\u00e7\u00f5es do DATASUS, nos dois primeiros meses de 2024, o *SUS registrou 285 atendimentos por dia causados por quedas em idosos*. Em janeiro e fevereiro, foram registrados *17.136 atendimentos hospitalares e 9.658 atendimentos ambulatoriais* , envolvendo idosos, [&hellip;]<\/p>\n","protected":false},"author":1,"featured_media":2827,"comment_status":"open","ping_status":"open","sticky":false,"template":"","format":"standard","meta":{"footnotes":""},"categories":[164],"tags":[],"class_list":["post-2826","post","type-post","status-publish","format-standard","has-post-thumbnail","hentry","category-saude-2"],"_links":{"self":[{"href":"https:\/\/diarioparanaense.com\/index.php?rest_route=\/wp\/v2\/posts\/2826","targetHints":{"allow":["GET"]}}],"collection":[{"href":"https:\/\/diarioparanaense.com\/index.php?rest_route=\/wp\/v2\/posts"}],"about":[{"href":"https:\/\/diarioparanaense.com\/index.php?rest_route=\/wp\/v2\/types\/post"}],"author":[{"embeddable":true,"href":"https:\/\/diarioparanaense.com\/index.php?rest_route=\/wp\/v2\/users\/1"}],"replies":[{"embeddable":true,"href":"https:\/\/diarioparanaense.com\/index.php?rest_route=%2Fwp%2Fv2%2Fcomments&post=2826"}],"version-history":[{"count":1,"href":"https:\/\/diarioparanaense.com\/index.php?rest_route=\/wp\/v2\/posts\/2826\/revisions"}],"predecessor-version":[{"id":2828,"href":"https:\/\/diarioparanaense.com\/index.php?rest_route=\/wp\/v2\/posts\/2826\/revisions\/2828"}],"wp:featuredmedia":[{"embeddable":true,"href":"https:\/\/diarioparanaense.com\/index.php?rest_route=\/wp\/v2\/media\/2827"}],"wp:attachment":[{"href":"https:\/\/diarioparanaense.com\/index.php?rest_route=%2Fwp%2Fv2%2Fmedia&parent=2826"}],"wp:term":[{"taxonomy":"category","embeddable":true,"href":"https:\/\/diarioparanaense.com\/index.php?rest_route=%2Fwp%2Fv2%2Fcategories&post=2826"},{"taxonomy":"post_tag","embeddable":true,"href":"https:\/\/diarioparanaense.com\/index.php?rest_route=%2Fwp%2Fv2%2Ftags&post=2826"}],"curies":[{"name":"wp","href":"https:\/\/api.w.org\/{rel}","templated":true}]}}