{"id":2822,"date":"2024-06-21T15:56:00","date_gmt":"2024-06-21T18:56:00","guid":{"rendered":"https:\/\/diarioparanaense.com\/?p=2822"},"modified":"2024-06-21T15:56:23","modified_gmt":"2024-06-21T18:56:23","slug":"nao-romantize-o-tea-alerta-neurologista","status":"publish","type":"post","link":"https:\/\/diarioparanaense.com\/?p=2822","title":{"rendered":"\u201cN\u00e3o romantize o TEA\u201d, alerta neurologista"},"content":{"rendered":"\n<p class=\"has-medium-font-size\">Segundo a Organiza\u00e7\u00e3o Mundial da Sa\u00fade (OMS), estima-se que existam mais de 2 milh\u00f5es de pessoas com TEA no Brasil.<\/p>\n\n\n\n<p>Para Dr. Matheus, \u00e9 essencial entender que o TEA n\u00e3o \u00e9 uma escolha ou uma caracter\u00edstica desej\u00e1vel, mas sim uma condi\u00e7\u00e3o que pode gerar preju\u00edzos constantes na vida dos pacientes. As pessoas com TEA podem enfrentar desafios na comunica\u00e7\u00e3o verbal e n\u00e3o verbal, na compreens\u00e3o de pistas sociais e na adapta\u00e7\u00e3o a mudan\u00e7as em suas rotinas.<\/p>\n\n\n\n<p>O neurologista, que dedica sua carreira para TEA em adultos, enfatiza ainda que esses desafios podem afetar sua capacidade de formar relacionamentos, alcan\u00e7ar independ\u00eancia e ter sucesso acad\u00eamico e profissional. Muitos, inclusive, est\u00e3o desempregados. Al\u00e9m disso, o autismo tamb\u00e9m pode se relacionar com problemas sensoriais, ansiedade e outras condi\u00e7\u00f5es de sa\u00fade mental.<\/p>\n\n\n\n<p>\u201cDevemos destacar a import\u00e2ncia do diagn\u00f3stico precoce, da interven\u00e7\u00e3o adequada e da inclus\u00e3o social\u201d, destaca o neurologista..<\/p>\n\n\n\n<p>Trilico alerta para evitar a romantiza\u00e7\u00e3o do TEA. Frases como &#8220;o autismo \u00e9 um superpoder&#8221; ou &#8220;pessoas com autismo s\u00e3o g\u00eanios&#8221; podem ser prejudiciais, pois minimizam os desafios reais enfrentados por essa popula\u00e7\u00e3o. Embora algumas pessoas com TEA possam ter habilidades excepcionais em \u00e1reas espec\u00edficas, isso n\u00e3o \u00e9 uma regra e n\u00e3o diminui as dificuldades que elas enfrentam em outras \u00e1reas da vida.<\/p>\n\n\n\n<p>A proposta do neurologista \u00e9, em vez de romantizar o TEA, oferecer apoio e criar um ambiente mais inclusivo e acolhedor para as pessoas com essa condi\u00e7\u00e3o. Isso inclui a promo\u00e7\u00e3o de pol\u00edticas p\u00fablicas que garantam o acesso a servi\u00e7os de diagn\u00f3stico, tratamento e suporte, bem como a conscientiza\u00e7\u00e3o sobre a import\u00e2ncia da neurodiversidade no local de trabalho e na comunidade em geral.<\/p>\n\n\n\n<p>\u201cSomente atrav\u00e9s da conscientiza\u00e7\u00e3o e da a\u00e7\u00e3o podemos fazer a diferen\u00e7a na vida das pessoas com Autismo e garantir que elas tenham as mesmas oportunidades de sucesso e felicidade, que todos merecem\u201d, finaliza o Dr. Trilico.<\/p>\n","protected":false},"excerpt":{"rendered":"<p>Segundo a Organiza\u00e7\u00e3o Mundial da Sa\u00fade (OMS), estima-se que existam mais de 2 milh\u00f5es de pessoas com TEA no Brasil. Para Dr. Matheus, \u00e9 essencial entender que o TEA n\u00e3o \u00e9 uma escolha ou uma caracter\u00edstica desej\u00e1vel, mas sim uma condi\u00e7\u00e3o que pode gerar preju\u00edzos constantes na vida dos pacientes. As pessoas com TEA podem [&hellip;]<\/p>\n","protected":false},"author":1,"featured_media":2823,"comment_status":"open","ping_status":"open","sticky":false,"template":"","format":"standard","meta":{"footnotes":""},"categories":[164,430],"tags":[],"class_list":["post-2822","post","type-post","status-publish","format-standard","has-post-thumbnail","hentry","category-saude-2","category-sociedade"],"_links":{"self":[{"href":"https:\/\/diarioparanaense.com\/index.php?rest_route=\/wp\/v2\/posts\/2822","targetHints":{"allow":["GET"]}}],"collection":[{"href":"https:\/\/diarioparanaense.com\/index.php?rest_route=\/wp\/v2\/posts"}],"about":[{"href":"https:\/\/diarioparanaense.com\/index.php?rest_route=\/wp\/v2\/types\/post"}],"author":[{"embeddable":true,"href":"https:\/\/diarioparanaense.com\/index.php?rest_route=\/wp\/v2\/users\/1"}],"replies":[{"embeddable":true,"href":"https:\/\/diarioparanaense.com\/index.php?rest_route=%2Fwp%2Fv2%2Fcomments&post=2822"}],"version-history":[{"count":2,"href":"https:\/\/diarioparanaense.com\/index.php?rest_route=\/wp\/v2\/posts\/2822\/revisions"}],"predecessor-version":[{"id":2825,"href":"https:\/\/diarioparanaense.com\/index.php?rest_route=\/wp\/v2\/posts\/2822\/revisions\/2825"}],"wp:featuredmedia":[{"embeddable":true,"href":"https:\/\/diarioparanaense.com\/index.php?rest_route=\/wp\/v2\/media\/2823"}],"wp:attachment":[{"href":"https:\/\/diarioparanaense.com\/index.php?rest_route=%2Fwp%2Fv2%2Fmedia&parent=2822"}],"wp:term":[{"taxonomy":"category","embeddable":true,"href":"https:\/\/diarioparanaense.com\/index.php?rest_route=%2Fwp%2Fv2%2Fcategories&post=2822"},{"taxonomy":"post_tag","embeddable":true,"href":"https:\/\/diarioparanaense.com\/index.php?rest_route=%2Fwp%2Fv2%2Ftags&post=2822"}],"curies":[{"name":"wp","href":"https:\/\/api.w.org\/{rel}","templated":true}]}}