{"id":2816,"date":"2024-06-20T10:46:49","date_gmt":"2024-06-20T13:46:49","guid":{"rendered":"https:\/\/diarioparanaense.com\/?p=2816"},"modified":"2024-06-20T10:46:49","modified_gmt":"2024-06-20T13:46:49","slug":"professores-do-parana-realizam-curso-para-transformar-ensino-em-aprendizagem","status":"publish","type":"post","link":"https:\/\/diarioparanaense.com\/?p=2816","title":{"rendered":"Professores do Paran\u00e1 realizam curso para transformar ensino em aprendizagem"},"content":{"rendered":"\n<p class=\"has-medium-font-size\">Evento promovido pelo Sinepe\/PR levou um especialista a diversas cidades do estado para apresentar metodologias que podem ser utilizadas em sala de aula<\/p>\n\n\n\n<p>Docentes da rede privada do Paran\u00e1 se reuniram para participar do curso \u201cOrienta\u00e7\u00f5es Baseadas no C\u00e9rebro para Transformar Ensino em Aprendizagem\u201d, ministrado pelo Doutor em Educa\u00e7\u00e3o Paulo Tomazinho. O evento foi promovido pelo Sindicato das Escolas Particulares (Sinepe\/PR) e realizado nas regionais em que o Sinepe\/PR atua \u2013 Campos Gerais, Cataratas, Central, Oeste e Sudeste.<\/p>\n\n\n\n<p>A abordagem do tema implicou em uma mudan\u00e7a de foco, que se afasta de um ponto em que apenas \u00e9 realizada a transmiss\u00e3o de informa\u00e7\u00f5es e parte para uma efetiva internaliza\u00e7\u00e3o e aplica\u00e7\u00e3o desse conhecimento pelos estudantes. O conceito reflete um movimento em dire\u00e7\u00e3o a pr\u00e1ticas educacionais que priorizam como os alunos assimilam e aplicam o que aprenderam.<\/p>\n\n\n\n<p>\u201cBusquei apresentar uma forma muito simples de planejar aulas. S\u00e3o seis passos baseados nas neuroci\u00eancias da aprendizagem que, se usados na aula, aumentam o ganho de aprendizagem dos estudantes. A expectativa \u00e9 que os professores experimentem essa estrat\u00e9gia na pr\u00e1tica para poderem tirar as conclus\u00f5es se funciona ou n\u00e3o\u201d, explica Tomazinho.<\/p>\n\n\n\n<p>Segundo o vice-presidente do Sinepe\/PR, Haroldo Andriguetto Junior, o sindicato tem como foco desenvolver e capacitar os docentes do estado para que possam contribuir de uma maneira efetiva e assertiva para a educa\u00e7\u00e3o do Paran\u00e1. \u201cAo longo do ano, realizamos diversos eventos, palestras e cursos para toda a nossa comunidade acad\u00eamica. Esse \u00e9 um projeto importante, que atua diretamente na forma\u00e7\u00e3o dos nossos profissionais, e o resultado dessas a\u00e7\u00f5es \u00e9 refletido no dia a dia das escolas\u201d,&nbsp;explica.<\/p>\n","protected":false},"excerpt":{"rendered":"<p>Evento promovido pelo Sinepe\/PR levou um especialista a diversas cidades do estado para apresentar metodologias que podem ser utilizadas em sala de aula Docentes da rede privada do Paran\u00e1 se reuniram para participar do curso \u201cOrienta\u00e7\u00f5es Baseadas no C\u00e9rebro para Transformar Ensino em Aprendizagem\u201d, ministrado pelo Doutor em Educa\u00e7\u00e3o Paulo Tomazinho. O evento foi promovido [&hellip;]<\/p>\n","protected":false},"author":1,"featured_media":2817,"comment_status":"open","ping_status":"open","sticky":false,"template":"","format":"standard","meta":{"footnotes":""},"categories":[148],"tags":[],"class_list":["post-2816","post","type-post","status-publish","format-standard","has-post-thumbnail","hentry","category-educacao"],"_links":{"self":[{"href":"https:\/\/diarioparanaense.com\/index.php?rest_route=\/wp\/v2\/posts\/2816","targetHints":{"allow":["GET"]}}],"collection":[{"href":"https:\/\/diarioparanaense.com\/index.php?rest_route=\/wp\/v2\/posts"}],"about":[{"href":"https:\/\/diarioparanaense.com\/index.php?rest_route=\/wp\/v2\/types\/post"}],"author":[{"embeddable":true,"href":"https:\/\/diarioparanaense.com\/index.php?rest_route=\/wp\/v2\/users\/1"}],"replies":[{"embeddable":true,"href":"https:\/\/diarioparanaense.com\/index.php?rest_route=%2Fwp%2Fv2%2Fcomments&post=2816"}],"version-history":[{"count":1,"href":"https:\/\/diarioparanaense.com\/index.php?rest_route=\/wp\/v2\/posts\/2816\/revisions"}],"predecessor-version":[{"id":2818,"href":"https:\/\/diarioparanaense.com\/index.php?rest_route=\/wp\/v2\/posts\/2816\/revisions\/2818"}],"wp:featuredmedia":[{"embeddable":true,"href":"https:\/\/diarioparanaense.com\/index.php?rest_route=\/wp\/v2\/media\/2817"}],"wp:attachment":[{"href":"https:\/\/diarioparanaense.com\/index.php?rest_route=%2Fwp%2Fv2%2Fmedia&parent=2816"}],"wp:term":[{"taxonomy":"category","embeddable":true,"href":"https:\/\/diarioparanaense.com\/index.php?rest_route=%2Fwp%2Fv2%2Fcategories&post=2816"},{"taxonomy":"post_tag","embeddable":true,"href":"https:\/\/diarioparanaense.com\/index.php?rest_route=%2Fwp%2Fv2%2Ftags&post=2816"}],"curies":[{"name":"wp","href":"https:\/\/api.w.org\/{rel}","templated":true}]}}