{"id":2812,"date":"2024-06-19T16:23:20","date_gmt":"2024-06-19T19:23:20","guid":{"rendered":"https:\/\/diarioparanaense.com\/?p=2812"},"modified":"2024-06-19T16:29:53","modified_gmt":"2024-06-19T19:29:53","slug":"entenda-como-funciona-a-cirurgia-de-protese-de-quadril-via-anterior-amis","status":"publish","type":"post","link":"https:\/\/diarioparanaense.com\/?p=2812","title":{"rendered":"Entenda como funciona a cirurgia de pr\u00f3tese de quadril via anterior (AMIS)"},"content":{"rendered":"\n<p class=\"has-medium-font-size\">Pioneiro no Brasil em t\u00e9cnicas avan\u00e7adas para realiza\u00e7\u00e3o de cirurgias de pr\u00f3tese de quadril e joelho, o Dr. Marco Aur\u00e9lio S. Neves, esclarece como \u00e9 realizada a cirurgia de pr\u00f3tese de quadril via anterior (AMIS), seus benef\u00edcios para uma melhor qualidade de vida dos pacientes.<\/p>\n\n\n\n<p>Segundo o especialista, na cirurgia de <a href=\"https:\/\/drmarcoaurelio.com.br\/blog\/protese-de-quadril-via-anterior\/\">pr\u00f3tese de quadril via anterior<\/a>, a artroplastia total de quadril, os m\u00e9dicos trocam o quadril doente ou danificado por um implante que consiste em uma haste femoral com uma cabe\u00e7a (esfera) e uma ta\u00e7a de encaixe (concha acetabular e revestimento).<\/p>\n\n\n\n<p>A haste femoral \u00e9 feita de metal (geralmente uma liga de tit\u00e2nio ou cromo-cobalto ou a\u00e7o inoxid\u00e1vel). A cabe\u00e7a \u00e9 feita de cer\u00e2mica ou metal. A ta\u00e7a \u00e9 composta de 1 ou 2 partes, dependendo do procedimento: cimentado (geralmente apenas um componente de polietileno) ou n\u00e3o cimentado (concha acetabular met\u00e1lica e o revestimento). No caso de uma concha acetabular met\u00e1lica, um revestimento cer\u00e2mico ou de polietileno articula contra a cabe\u00e7a. Todos os materiais utilizados na artroplastia de quadril s\u00e3o altamente biocompat\u00edveis.<\/p>\n\n\n<div class=\"wp-block-image\">\n<figure class=\"aligncenter size-full is-resized\"><img loading=\"lazy\" decoding=\"async\" width=\"800\" height=\"798\" src=\"https:\/\/diarioparanaense.com\/wp-content\/uploads\/2024\/06\/1906241-1.jpg\" alt=\"\" class=\"wp-image-2813\" style=\"width:425px;height:auto\" srcset=\"https:\/\/diarioparanaense.com\/wp-content\/uploads\/2024\/06\/1906241-1.jpg 800w, https:\/\/diarioparanaense.com\/wp-content\/uploads\/2024\/06\/1906241-1-300x300.jpg 300w, https:\/\/diarioparanaense.com\/wp-content\/uploads\/2024\/06\/1906241-1-150x150.jpg 150w, https:\/\/diarioparanaense.com\/wp-content\/uploads\/2024\/06\/1906241-1-768x766.jpg 768w, https:\/\/diarioparanaense.com\/wp-content\/uploads\/2024\/06\/1906241-1-696x694.jpg 696w, https:\/\/diarioparanaense.com\/wp-content\/uploads\/2024\/06\/1906241-1-421x420.jpg 421w\" sizes=\"auto, (max-width: 800px) 100vw, 800px\" \/><\/figure><\/div>\n\n\n<p>O cirurgi\u00e3o pode acessar a articula\u00e7\u00e3o do quadril para fazer a cirurgia com incis\u00f5es em diferentes regi\u00f5es do quadril, sendo mais comuns na regi\u00e3o lateral ou posterior. Ele pode tamb\u00e9m seguir uma abordagem convencional ou uma conduta minimamente invasiva (MIS). Em geral, as t\u00e9cnicas ditas minimamente invasivas contam com uma incis\u00e3o menor do que no m\u00e9todo convencional, mas h\u00e1 les\u00e3o cir\u00fargica do m\u00fasculo e\/ou tend\u00e3o na regi\u00e3o gl\u00fatea.<\/p>\n\n\n\n<p>\u201cA t\u00e9cnica que utilizo, a AMIS, \u00e9 uma cirurgia realmente minimamente invasiva, j\u00e1 que n\u00e3o corta m\u00fasculos e respeita a anatomia, vasos e nervos, com incis\u00e3o via anterior\u201d, ressalta Dr. Marco Aur\u00e9lio.<\/p>\n\n\n\n<p>Entre as vantagens da t\u00e9cnica via anterior \u2013 AMIS est\u00e3o a redu\u00e7\u00e3o de danos aos m\u00fasculos, vasos sangu\u00edneos e nervos ao redor da articula\u00e7\u00e3o, diminui\u00e7\u00e3o da dor no p\u00f3s-operat\u00f3rio, menor tempo de reabilita\u00e7\u00e3o e de interna\u00e7\u00e3o hospitalar, redu\u00e7\u00e3o de danos aos m\u00fasculos, vasos sangu\u00edneos e nervos ao redor da articula\u00e7\u00e3o, menor perda de sangue, al\u00e9m de ter retorno mais r\u00e1pido \u00e0s atividades di\u00e1rias e menor risco de deslocamento de pr\u00f3tese.<\/p>\n\n\n\n<p class=\"has-medium-font-size\"><strong>Sobre Dr. Marco Aur\u00e9lio S. Neves<\/strong><\/p>\n\n\n\n<p><strong>Dr Marco Aur\u00e9lio S. Neves, ortopedista e traumatologista, especializado em pr\u00f3teses de quadril e joelho.<\/strong><\/p>\n\n\n\n<p>Pioneiro no Brasil em t\u00e9cnicas avan\u00e7adas para realiza\u00e7\u00e3o de cirurgias de pr\u00f3tese de quadril e de joelho.&nbsp; Conta com especializa\u00e7\u00e3o em Ortopedia e Traumatologia (2001) e em Cirurgia do Quadril e do Joelho (2002 e 2003), pelo Hospital das Cl\u00ednicas da Faculdade de Medicina da Universidade de S\u00e3o Paulo (HC \u2013 FMUSP).<\/p>\n\n\n\n<p>O grande diferencial do m\u00e9dico s\u00e3o as bases tecnol\u00f3gicas aplicadas na pr\u00f3tese de joelho, o uso de guias customizadas feitas sob medida para cada paciente, por meio de impress\u00e3o 3D, aumenta a precis\u00e3o da cirurgia, otimizando os resultados. E na cirurgia de pr\u00f3tese de quadril, \u00e9 pioneiro na utiliza\u00e7\u00e3o da via anterior \u00e9 a \u00fanica que possibilita o m\u00e9todo verdadeiramente n\u00e3o invasivo (AMIS), preservando m\u00fasculos e tend\u00f5es.<\/p>\n\n\n\n<p>A realidade aumentada e a rob\u00f3tica para diminuir a agress\u00e3o da cirurgia e permitir uma recupera\u00e7\u00e3o mais r\u00e1pida tamb\u00e9m j\u00e1 s\u00e3o uma realidade. Um dos pioneiros no Brasil em t\u00e9cnicas avan\u00e7adas para realiza\u00e7\u00e3o de cirurgias de pr\u00f3tese de quadril e de joelho.<\/p>\n\n\n\n<p>Especializa\u00e7\u00f5es em centros de refer\u00eancia em cirurgia ortop\u00e9dica do mundo, entre eles: Presbyterian Hospital Plano (Texas, Estados Unidos, 2004), Hospital Jan Palfij (Gent, B\u00e9lgica, 2006), Clinic Dr. Decker (Munique, Alemanha, 2006), The Steadman Clinic (Vail, Estados Unidos, 2009), South West London Orthopaedic Center (Inglaterra, 2013), Le Centre M\u00e9dico Chirurgical Paris V (Paris, Fran\u00e7a, 2015).<\/p>\n\n\n\n<p><strong>Para mais informa\u00e7\u00f5es<\/strong>: <a href=\"http:\/\/www.drmarcoaurelio.com.br\">www.drmarcoaurelio.com.br<\/a><\/p>\n\n\n\n<p><strong>Instagram<\/strong>: @drmarcoaurelio.ortopedia<\/p>\n\n\n\n<p><strong>Linkedin<\/strong>: marco-aurelio-silverio-neves<\/p>\n","protected":false},"excerpt":{"rendered":"<p>Pioneiro no Brasil em t\u00e9cnicas avan\u00e7adas para realiza\u00e7\u00e3o de cirurgias de pr\u00f3tese de quadril e joelho, o Dr. Marco Aur\u00e9lio S. Neves, esclarece como \u00e9 realizada a cirurgia de pr\u00f3tese de quadril via anterior (AMIS), seus benef\u00edcios para uma melhor qualidade de vida dos pacientes. Segundo o especialista, na cirurgia de pr\u00f3tese de quadril via [&hellip;]<\/p>\n","protected":false},"author":1,"featured_media":2431,"comment_status":"open","ping_status":"open","sticky":false,"template":"","format":"standard","meta":{"footnotes":""},"categories":[164],"tags":[],"class_list":["post-2812","post","type-post","status-publish","format-standard","has-post-thumbnail","hentry","category-saude-2"],"_links":{"self":[{"href":"https:\/\/diarioparanaense.com\/index.php?rest_route=\/wp\/v2\/posts\/2812","targetHints":{"allow":["GET"]}}],"collection":[{"href":"https:\/\/diarioparanaense.com\/index.php?rest_route=\/wp\/v2\/posts"}],"about":[{"href":"https:\/\/diarioparanaense.com\/index.php?rest_route=\/wp\/v2\/types\/post"}],"author":[{"embeddable":true,"href":"https:\/\/diarioparanaense.com\/index.php?rest_route=\/wp\/v2\/users\/1"}],"replies":[{"embeddable":true,"href":"https:\/\/diarioparanaense.com\/index.php?rest_route=%2Fwp%2Fv2%2Fcomments&post=2812"}],"version-history":[{"count":2,"href":"https:\/\/diarioparanaense.com\/index.php?rest_route=\/wp\/v2\/posts\/2812\/revisions"}],"predecessor-version":[{"id":2815,"href":"https:\/\/diarioparanaense.com\/index.php?rest_route=\/wp\/v2\/posts\/2812\/revisions\/2815"}],"wp:featuredmedia":[{"embeddable":true,"href":"https:\/\/diarioparanaense.com\/index.php?rest_route=\/wp\/v2\/media\/2431"}],"wp:attachment":[{"href":"https:\/\/diarioparanaense.com\/index.php?rest_route=%2Fwp%2Fv2%2Fmedia&parent=2812"}],"wp:term":[{"taxonomy":"category","embeddable":true,"href":"https:\/\/diarioparanaense.com\/index.php?rest_route=%2Fwp%2Fv2%2Fcategories&post=2812"},{"taxonomy":"post_tag","embeddable":true,"href":"https:\/\/diarioparanaense.com\/index.php?rest_route=%2Fwp%2Fv2%2Ftags&post=2812"}],"curies":[{"name":"wp","href":"https:\/\/api.w.org\/{rel}","templated":true}]}}