{"id":2803,"date":"2024-06-18T15:43:15","date_gmt":"2024-06-18T18:43:15","guid":{"rendered":"https:\/\/diarioparanaense.com\/?p=2803"},"modified":"2024-06-18T15:43:15","modified_gmt":"2024-06-18T18:43:15","slug":"feira-noivas-e-debutantes-de-curitiba-2024-comeca-em-julho-no-parque-barigui","status":"publish","type":"post","link":"https:\/\/diarioparanaense.com\/?p=2803","title":{"rendered":"Feira Noivas e Debutantes de Curitiba 2024 come\u00e7a em julho no Parque Barigui"},"content":{"rendered":"\n<p>De 05 at\u00e9 07 de julho, no Centro de Eventos Positivo, no Parque Barigui, das 14h \u00e0s 22h, acontece mais uma edi\u00e7\u00e3o da Feira Noivas e Debutantes Curitiba 2024. Esse evento imperd\u00edvel promete oferecer muita inspira\u00e7\u00e3o e solu\u00e7\u00f5es pr\u00e1ticas para casamentos e festas de debutantes.<\/p>\n\n\n\n<p>Com uma grande variedade de expositores, a feira vai reunir diversas op\u00e7\u00f5es do setor, apresentando desde vestidos de noiva e trajes para debutantes at\u00e9 buffets, decora\u00e7\u00e3o, fotografia, m\u00fasica, convites e muito mais. Os visitantes poder\u00e3o conferir as \u00faltimas tend\u00eancias e inova\u00e7\u00f5es, al\u00e9m de aproveitar ofertas exclusivas durante o evento.<\/p>\n\n\n\n<p><strong>Destaques do Evento:<\/strong><\/p>\n\n\n\n<p>&#8211; Mais de 100 Expositores: Conhe\u00e7a uma grande variedade de fornecedores e servi\u00e7os essenciais para casamentos e festas de debutantes.<\/p>\n\n\n\n<p>&#8211; <strong>Desfiles<\/strong>:<\/p>\n\n\n\n<p>Veja cole\u00e7\u00f5es exclusivas de vestidos de noiva, trajes para noivos e debutantes, com as \u00faltimas tend\u00eancias e cria\u00e7\u00f5es de renomados estilistas e designers.<\/p>\n\n\n\n<p>&#8211; Workshops e Palestras: Participe de sess\u00f5es com dicas valiosas de especialistas do setor, abordando desde o planejamento de eventos at\u00e9 conselhos de beleza e bem-estar.<\/p>\n\n\n\n<p>&#8211; Experi\u00eancias interativas: Aproveite sess\u00f5es de degusta\u00e7\u00e3o de menus, demonstra\u00e7\u00f5es ao vivo e outras atividades pr\u00e1ticas para ajud\u00e1-lo a escolher os melhores servi\u00e7os para seus eventos.<\/p>\n\n\n\n<p>A Feira Noivas e Debutantes de Curitiba \u00e9 o ponto de encontro perfeito para quem est\u00e1 organizando um evento especial. \u00c9 uma \u00f3tima oportunidade para comparar produtos e servi\u00e7os, tirar d\u00favidas diretamente com fornecedores e garantir que cada detalhe do seu grande dia seja perfeito.<\/p>\n\n\n\n<p>Os ingressos custam R$ 20,00 e podem ser adquiridos antecipadamente pela plataforma Sympla ou diretamente na bilheteria do evento.<\/p>\n\n\n\n<p><strong>Servi\u00e7o<\/strong>:<\/p>\n\n\n\n<p>Feira Noivas e Debutantes 2024.<\/p>\n\n\n\n<p>De 05 at\u00e9 07 de julho.<\/p>\n\n\n\n<p>Das 14h \u00e0s 22h.<\/p>\n\n\n\n<p>Centro de Eventos Positivo (Parque Barigui).<\/p>\n\n\n\n<p>Ingresso: R$ 20,00.<\/p>\n\n\n\n<p>Para mais informa\u00e7\u00f5es, acesse:<\/p>\n\n\n\n<p>Instagram: @noivasedebutantesofficial<\/p>\n\n\n\n<p>Facebook: feiranoivasedebutantes<\/p>\n\n\n\n<p>E-mail:&nbsp;<a href=\"mailto:contato@feiranoivasedebutantes.com.br\" target=\"_blank\" rel=\"noreferrer noopener\">contato@feiranoivasedebutantes.com.br<\/a><\/p>\n\n\n\n<p><strong>Cr\u00e9dito da foto &#8220;ART8 Fotografias&#8221;<\/strong><\/p>\n","protected":false},"excerpt":{"rendered":"<p>De 05 at\u00e9 07 de julho, no Centro de Eventos Positivo, no Parque Barigui, das 14h \u00e0s 22h, acontece mais uma edi\u00e7\u00e3o da Feira Noivas e Debutantes Curitiba 2024. Esse evento imperd\u00edvel promete oferecer muita inspira\u00e7\u00e3o e solu\u00e7\u00f5es pr\u00e1ticas para casamentos e festas de debutantes. Com uma grande variedade de expositores, a feira vai reunir [&hellip;]<\/p>\n","protected":false},"author":1,"featured_media":2804,"comment_status":"open","ping_status":"open","sticky":false,"template":"","format":"standard","meta":{"footnotes":""},"categories":[186],"tags":[],"class_list":["post-2803","post","type-post","status-publish","format-standard","has-post-thumbnail","hentry","category-eventos"],"_links":{"self":[{"href":"https:\/\/diarioparanaense.com\/index.php?rest_route=\/wp\/v2\/posts\/2803","targetHints":{"allow":["GET"]}}],"collection":[{"href":"https:\/\/diarioparanaense.com\/index.php?rest_route=\/wp\/v2\/posts"}],"about":[{"href":"https:\/\/diarioparanaense.com\/index.php?rest_route=\/wp\/v2\/types\/post"}],"author":[{"embeddable":true,"href":"https:\/\/diarioparanaense.com\/index.php?rest_route=\/wp\/v2\/users\/1"}],"replies":[{"embeddable":true,"href":"https:\/\/diarioparanaense.com\/index.php?rest_route=%2Fwp%2Fv2%2Fcomments&post=2803"}],"version-history":[{"count":1,"href":"https:\/\/diarioparanaense.com\/index.php?rest_route=\/wp\/v2\/posts\/2803\/revisions"}],"predecessor-version":[{"id":2805,"href":"https:\/\/diarioparanaense.com\/index.php?rest_route=\/wp\/v2\/posts\/2803\/revisions\/2805"}],"wp:featuredmedia":[{"embeddable":true,"href":"https:\/\/diarioparanaense.com\/index.php?rest_route=\/wp\/v2\/media\/2804"}],"wp:attachment":[{"href":"https:\/\/diarioparanaense.com\/index.php?rest_route=%2Fwp%2Fv2%2Fmedia&parent=2803"}],"wp:term":[{"taxonomy":"category","embeddable":true,"href":"https:\/\/diarioparanaense.com\/index.php?rest_route=%2Fwp%2Fv2%2Fcategories&post=2803"},{"taxonomy":"post_tag","embeddable":true,"href":"https:\/\/diarioparanaense.com\/index.php?rest_route=%2Fwp%2Fv2%2Ftags&post=2803"}],"curies":[{"name":"wp","href":"https:\/\/api.w.org\/{rel}","templated":true}]}}