{"id":2797,"date":"2024-06-18T10:11:17","date_gmt":"2024-06-18T13:11:17","guid":{"rendered":"https:\/\/diarioparanaense.com\/?p=2797"},"modified":"2024-06-18T10:11:18","modified_gmt":"2024-06-18T13:11:18","slug":"a-importancia-de-uma-aparencia-estrategica","status":"publish","type":"post","link":"https:\/\/diarioparanaense.com\/?p=2797","title":{"rendered":"A import\u00e2ncia de uma apar\u00eancia estrat\u00e9gica"},"content":{"rendered":"\n<p class=\"has-medium-font-size\">A vis\u00e3o da imagem por Ca Ara\u00fajo<\/p>\n\n\n\n<p>Nesta nova era digital altamente competitiva, a imagem \u00e9 algo que ultrapassa a mera representa\u00e7\u00e3o visual, a forma como nos v\u00eaem, as opini\u00f5es sobre n\u00f3s e nossa apar\u00eancia tem se tornando cada vez mais relevantes, tornado-se em uma poderosa ferramenta. Estudos mostram que mais de 60% da comunica\u00e7\u00e3o humana \u00e9 n\u00e3o verbal, e as primeiras impress\u00f5es s\u00e3o formadas nos primeiros dez segundos de um encontro. Nesse curto espa\u00e7o de tempo, percep\u00e7\u00f5es sobre comprometimento, credibilidade e at\u00e9 desleixo podem ser definidas, influenciando diretamente o &#8220;valor&#8221; atribu\u00eddo a uma pessoa ou empresa.<\/p>\n\n\n\n<p>Ca Ara\u00fajo, especialista em consultoria de imagem profissional e corporativa, destaca a import\u00e2ncia de uma imagem bem estruturada e planejada. &#8220;Meu papel enquanto consultora \u00e9 auxiliar na constru\u00e7\u00e3o de uma imagem intencional e alinhada ao seu neg\u00f3cio. O que as pessoas percebem ao te ver precisa refletir seus valores e ajudar a atingir seus objetivos. Atrav\u00e9s de an\u00e1lises, conversas e t\u00e9cnicas, \u00e9 poss\u00edvel se encontrar a pr\u00f3pria est\u00e9tica, respeitando sua rotina e ess\u00eancia&#8221;, explica a especialista.<\/p>\n\n\n\n<p>Ca Ara\u00fajo come\u00e7ou sua jornada profissional em 2019, ap\u00f3s perceber a import\u00e2ncia da imagem estrat\u00e9gica ap\u00f3s trabalhar em sua antiga loja de roupas femininas. &#8220;Como administradora e contadora, casada e m\u00e3e de dois meninos, segui meu prop\u00f3sito de auxiliar as pessoas na constru\u00e7\u00e3o de uma imagem s\u00f3lida. Com uma forma\u00e7\u00e3o profissional conclu\u00edda em 2021, desenvolvi uma metodologia personalizada atrav\u00e9s de diversas especializa\u00e7\u00f5es e mentorias&#8221;, conta.<\/p>\n\n\n\n<p>Por\u00e9m diferente do que muitos pensam a consultoria de imagem n\u00e3o se restringe \u00e0 moda, mas est\u00e1 intrinsecamente ligada \u00e0 comunica\u00e7\u00e3o. Ela trabalha com o autoconhecimento em 3 estapas bases, entender o que o cliente deseja para si, alinhar estes desejos com a est\u00e9tica f\u00edsica vendo o que combina com a pessoa e por \u00faltimo alinhar tudo isso com a profiss\u00e3o e neg\u00f3cio do cliente. &#8220;Costumo dizer que a consultoria de imagem \u00e9 como montar um quebra-cabe\u00e7a, onde cada pe\u00e7a precisa fazer sentido e estar alinhada uma com a outra&#8221;, diz Ara\u00fajo.<\/p>\n\n\n\n<p>A apar\u00eancia \u00e9 a primeira a atrair nosso olhar e formar impress\u00f5es. Embora essas primeiras impress\u00f5es sejam duradouras, h\u00e1 chances de modificar a percep\u00e7\u00e3o com o tempo. &#8220;N\u00e3o ser voc\u00ea cansa, e n\u00e3o \u00e9 sustent\u00e1vel. Podemos alcan\u00e7ar uma imagem de sucesso preservando sua ess\u00eancia e autenticidade. Combinando ess\u00eancia e estrat\u00e9gia, encontramos sua imagem de sucesso, coerente e com assinatura de estilo, criando uma marca pessoal forte e constante&#8221;, refor\u00e7a Ca Ara\u00fajo.<\/p>\n\n\n\n<p>Roupa \u00e9 contexto e comunica\u00e7\u00e3o. Desde o momento em que voc\u00ea escolhe o que vestir, come\u00e7a a se comunicar. N\u00e3o existe roupa, comportamento ou express\u00e3o facial neutros; tudo \u00e9 percebido e gera uma impress\u00e3o. &#8220;A nossa imagem fala, e fala muito! Ela \u00e9 nosso principal ativo. Ter clareza de quem voc\u00ea \u00e9 e como quer se apresentar ao mundo facilita a vida&#8221;, conclui Ara\u00fajo.<\/p>\n\n\n\n<p>Para empres\u00e1rios e empresas, uma imagem forte e coesa \u00e9 fundamental para se destacar em um mercado saturado e construir relacionamentos duradouros com clientes e stakeholders. A consultoria de imagem, portanto, \u00e9 um investimento estrat\u00e9gico essencial para o sucesso profissional e corporativo.<\/p>\n\n\n\n<p>SERVI\u00c7O: Ca Araujo Consultoria<br><strong>C\u00e1 Araujo<br><\/strong>Consultora de Imagem Profissional e Corporativa<br>41 984001512<br>@acadearaujo<br>caaraujoconsultoria@yahoo.com<br>Rua Joaquim Nabuco 2478 &#8211; sala\u00a05\u00a0Centro\u00a0SJP<\/p>\n","protected":false},"excerpt":{"rendered":"<p>A vis\u00e3o da imagem por Ca Ara\u00fajo Nesta nova era digital altamente competitiva, a imagem \u00e9 algo que ultrapassa a mera representa\u00e7\u00e3o visual, a forma como nos v\u00eaem, as opini\u00f5es sobre n\u00f3s e nossa apar\u00eancia tem se tornando cada vez mais relevantes, tornado-se em uma poderosa ferramenta. Estudos mostram que mais de 60% da comunica\u00e7\u00e3o [&hellip;]<\/p>\n","protected":false},"author":1,"featured_media":2798,"comment_status":"open","ping_status":"open","sticky":false,"template":"","format":"standard","meta":{"footnotes":""},"categories":[29],"tags":[],"class_list":["post-2797","post","type-post","status-publish","format-standard","has-post-thumbnail","hentry","category-artigos"],"_links":{"self":[{"href":"https:\/\/diarioparanaense.com\/index.php?rest_route=\/wp\/v2\/posts\/2797","targetHints":{"allow":["GET"]}}],"collection":[{"href":"https:\/\/diarioparanaense.com\/index.php?rest_route=\/wp\/v2\/posts"}],"about":[{"href":"https:\/\/diarioparanaense.com\/index.php?rest_route=\/wp\/v2\/types\/post"}],"author":[{"embeddable":true,"href":"https:\/\/diarioparanaense.com\/index.php?rest_route=\/wp\/v2\/users\/1"}],"replies":[{"embeddable":true,"href":"https:\/\/diarioparanaense.com\/index.php?rest_route=%2Fwp%2Fv2%2Fcomments&post=2797"}],"version-history":[{"count":1,"href":"https:\/\/diarioparanaense.com\/index.php?rest_route=\/wp\/v2\/posts\/2797\/revisions"}],"predecessor-version":[{"id":2799,"href":"https:\/\/diarioparanaense.com\/index.php?rest_route=\/wp\/v2\/posts\/2797\/revisions\/2799"}],"wp:featuredmedia":[{"embeddable":true,"href":"https:\/\/diarioparanaense.com\/index.php?rest_route=\/wp\/v2\/media\/2798"}],"wp:attachment":[{"href":"https:\/\/diarioparanaense.com\/index.php?rest_route=%2Fwp%2Fv2%2Fmedia&parent=2797"}],"wp:term":[{"taxonomy":"category","embeddable":true,"href":"https:\/\/diarioparanaense.com\/index.php?rest_route=%2Fwp%2Fv2%2Fcategories&post=2797"},{"taxonomy":"post_tag","embeddable":true,"href":"https:\/\/diarioparanaense.com\/index.php?rest_route=%2Fwp%2Fv2%2Ftags&post=2797"}],"curies":[{"name":"wp","href":"https:\/\/api.w.org\/{rel}","templated":true}]}}