{"id":2788,"date":"2024-06-18T09:27:48","date_gmt":"2024-06-18T12:27:48","guid":{"rendered":"https:\/\/diarioparanaense.com\/?p=2788"},"modified":"2024-06-18T09:27:49","modified_gmt":"2024-06-18T12:27:49","slug":"a-importancia-do-prato-feito-na-alimentacao-do-brasileiro","status":"publish","type":"post","link":"https:\/\/diarioparanaense.com\/?p=2788","title":{"rendered":"A import\u00e2ncia do prato feito na alimenta\u00e7\u00e3o do brasileiro"},"content":{"rendered":"\n<p class=\"has-medium-font-size\">Seria ele a f\u00f3rmula da nutri\u00e7\u00e3o do dia a dia<\/p>\n\n\n\n<p>O prato feito, popularmente conhecido como &#8220;PF&#8221;, \u00e9 uma das bases na alimenta\u00e7\u00e3o dos brasileiros. Composto por arroz, feij\u00e3o, uma por\u00e7\u00e3o de carne ou ovos e uma salada de legumes e verduras, ele representa uma f\u00f3rmula nutricionalmente equilibrada e acess\u00edvel que atende \u00e0s necessidades alimentares de grande parte da popula\u00e7\u00e3o.<\/p>\n\n\n\n<p>De acordo com especialistas, a import\u00e2ncia do PF vai al\u00e9m de sua popularidade e praticidade. Victor Broetto Cappo do DiLegno Cucina Italiana, destaca que PFs como os feitos em seu restaurante integram quatro grupos alimentares fundamentais: feij\u00f5es e leguminosas, cereais, ra\u00edzes e tub\u00e9rculos, hortali\u00e7as, e carnes e ovos. Essa combina\u00e7\u00e3o \u00e9 balanceada de forma a proporcionar uma dieta saud\u00e1vel e variada.<\/p>\n\n\n\n<p>Tamb\u00e9m ressalta que &#8220;a composi\u00e7\u00e3o do PF est\u00e1 alinhada com os padr\u00f5es tradicionais de alimenta\u00e7\u00e3o, semelhantes aos que eram seguidos por nossas av\u00f3s e bisav\u00f3s. Seguir esses padr\u00f5es tradicionais aumenta significativamente a probabilidade de obter todos os nutrientes essenciais para o bom funcionamento do organismo&#8221;, diz Victor.<\/p>\n\n\n\n<p>Temos que lembrar que ao contr\u00e1rio de outras esp\u00e9cies, o ser humano n\u00e3o depende de um \u00fanico tipo de alimento para sobreviver. Em vez disso, nossos padr\u00f5es alimentares s\u00e3o definidos por combina\u00e7\u00f5es de alimentos que nos fornecem uma ampla gama de nutrientes. Nesse contexto, o PF \u00e9 uma representa\u00e7\u00e3o pr\u00e1tica dessa diversidade alimentar.<\/p>\n\n\n\n<p>Metade do prato deve ser composta por legumes e verduras, que s\u00e3o ricos em fibras, vitaminas e nutrientes essenciais para a regula\u00e7\u00e3o do organismo. A outra metade \u00e9 dividida entre carboidratos, fornecidos principalmente pelo arroz, e prote\u00ednas, presentes no feij\u00e3o e na carne ou ovos. O arroz e o feij\u00e3o juntos formam uma combina\u00e7\u00e3o poderosa de gr\u00e3os, fornecendo uma fonte de prote\u00edna vegetal e energia.<\/p>\n\n\n\n<p>Al\u00e9m de seu valor nutricional, o prato feito tamb\u00e9m reflete a diversidade cultural do Brasil. Cada regi\u00e3o do pa\u00eds tem suas varia\u00e7\u00f5es, incorporando ingredientes locais e adaptando a f\u00f3rmula b\u00e1sica do PF de acordo com seus h\u00e1bitos e costumes. No entanto, a ess\u00eancia do PF \u2013 uma refei\u00e7\u00e3o simples, nutritiva e acess\u00edvel \u2013 permanece constante em todo o territ\u00f3rio nacional.<\/p>\n\n\n\n<p>Em resumo, o prato feito n\u00e3o \u00e9 apenas uma op\u00e7\u00e3o pr\u00e1tica para o dia a dia, mas tamb\u00e9m uma ferramenta crucial para garantir uma alimenta\u00e7\u00e3o balanceada e saud\u00e1vel. Ele representa uma tradi\u00e7\u00e3o que combina a sabedoria alimentar de gera\u00e7\u00f5es passadas com a ci\u00eancia moderna da nutri\u00e7\u00e3o, contribuindo para a sa\u00fade e o bem-estar dos brasileiros.<\/p>\n\n\n\n<p><strong>SERVI\u00c7O<\/strong>: Di Legno Cucina Italiana<br><strong>Victor L\u00e9o Broetto<br>Cappo do DiLegno Cucina italiana<br><\/strong>41 98437-0810<br>@dilegnocucinaitaliana<br>victor.broetto@dilegnoci.com<br>Rua Bispo Dom Jos\u00e9, 2655 &#8211; Curitiba<br>41 3203-3575<br>Rua Sesinando Benckendorf, 41<br>Embogua\u00e7\u00fa &#8211; Paranagu\u00e1<br>41\u00a03423-1801<\/p>\n","protected":false},"excerpt":{"rendered":"<p>Seria ele a f\u00f3rmula da nutri\u00e7\u00e3o do dia a dia O prato feito, popularmente conhecido como &#8220;PF&#8221;, \u00e9 uma das bases na alimenta\u00e7\u00e3o dos brasileiros. Composto por arroz, feij\u00e3o, uma por\u00e7\u00e3o de carne ou ovos e uma salada de legumes e verduras, ele representa uma f\u00f3rmula nutricionalmente equilibrada e acess\u00edvel que atende \u00e0s necessidades alimentares [&hellip;]<\/p>\n","protected":false},"author":1,"featured_media":2795,"comment_status":"open","ping_status":"open","sticky":false,"template":"","format":"standard","meta":{"footnotes":""},"categories":[338,164],"tags":[],"class_list":["post-2788","post","type-post","status-publish","format-standard","has-post-thumbnail","hentry","category-gastronomia","category-saude-2"],"_links":{"self":[{"href":"https:\/\/diarioparanaense.com\/index.php?rest_route=\/wp\/v2\/posts\/2788","targetHints":{"allow":["GET"]}}],"collection":[{"href":"https:\/\/diarioparanaense.com\/index.php?rest_route=\/wp\/v2\/posts"}],"about":[{"href":"https:\/\/diarioparanaense.com\/index.php?rest_route=\/wp\/v2\/types\/post"}],"author":[{"embeddable":true,"href":"https:\/\/diarioparanaense.com\/index.php?rest_route=\/wp\/v2\/users\/1"}],"replies":[{"embeddable":true,"href":"https:\/\/diarioparanaense.com\/index.php?rest_route=%2Fwp%2Fv2%2Fcomments&post=2788"}],"version-history":[{"count":1,"href":"https:\/\/diarioparanaense.com\/index.php?rest_route=\/wp\/v2\/posts\/2788\/revisions"}],"predecessor-version":[{"id":2796,"href":"https:\/\/diarioparanaense.com\/index.php?rest_route=\/wp\/v2\/posts\/2788\/revisions\/2796"}],"wp:featuredmedia":[{"embeddable":true,"href":"https:\/\/diarioparanaense.com\/index.php?rest_route=\/wp\/v2\/media\/2795"}],"wp:attachment":[{"href":"https:\/\/diarioparanaense.com\/index.php?rest_route=%2Fwp%2Fv2%2Fmedia&parent=2788"}],"wp:term":[{"taxonomy":"category","embeddable":true,"href":"https:\/\/diarioparanaense.com\/index.php?rest_route=%2Fwp%2Fv2%2Fcategories&post=2788"},{"taxonomy":"post_tag","embeddable":true,"href":"https:\/\/diarioparanaense.com\/index.php?rest_route=%2Fwp%2Fv2%2Ftags&post=2788"}],"curies":[{"name":"wp","href":"https:\/\/api.w.org\/{rel}","templated":true}]}}