{"id":2785,"date":"2024-06-17T14:55:46","date_gmt":"2024-06-17T17:55:46","guid":{"rendered":"https:\/\/diarioparanaense.com\/?p=2785"},"modified":"2024-06-17T14:55:47","modified_gmt":"2024-06-17T17:55:47","slug":"a-atuacao-do-assistente-social-na-transicao-de-cuidados","status":"publish","type":"post","link":"https:\/\/diarioparanaense.com\/?p=2785","title":{"rendered":"A atua\u00e7\u00e3o do Assistente Social na Transi\u00e7\u00e3o de Cuidados"},"content":{"rendered":"\n<p class=\"has-medium-font-size\">Orienta\u00e7\u00f5es sobre direitos sociais e previdenci\u00e1rios, licen\u00e7a de trabalho e seguros sociais s\u00e3o alguns dos assuntos de dom\u00ednio do assistente social no aux\u00edlio de pacientes e familiares<\/p>\n\n\n\n<p>As quest\u00f5es de sa\u00fade t\u00eam como premissa o cuidado multidimensional e, por afetar m\u00faltiplas dimens\u00f5es na vida dos pacientes e seus familiares, o atendimento interdisciplinar se torna imprescind\u00edvel, inclusive com a atua\u00e7\u00e3o do Assistente Social.<\/p>\n\n\n\n<p>A fam\u00edlia, amigos e a comunidade s\u00e3o fundamentais em todos os momentos de prote\u00e7\u00e3o, preven\u00e7\u00e3o, recupera\u00e7\u00e3o e reabilita\u00e7\u00e3o da sa\u00fade. Uma atribui\u00e7\u00e3o do Servi\u00e7o Social na sa\u00fade \u00e9 identificar e fortalecer os v\u00ednculos familiares e sociais, na perspectiva de incentivar o usu\u00e1rio e sua rede de apoio a se tornarem sujeitos do processo de cuidados.<\/p>\n\n\n\n<p>Quando a doen\u00e7a afeta a vida de um indiv\u00edduo e sua fam\u00edlia surgem muitos desafios a serem enfrentados. A hospitaliza\u00e7\u00e3o n\u00e3o isenta o paciente de suas obriga\u00e7\u00f5es e contar com um apoio para acessar seus direitos e seguros, impedindo que fatores externos gerem estresse e preju\u00edzos \u00e0 sa\u00fade em um momento t\u00e3o delicado, \u00e9 fundamental para o melhor restabelecimento. Por isso o assistente social presta o assessoramento sobre tais quest\u00f5es.<\/p>\n\n\n\n<p>Na Transi\u00e7\u00e3o de Cuidados, esse profissional tem por objetivo entender o contexto social em que o paciente est\u00e1 inserido, considerando sua trajet\u00f3ria de vida, valores, cren\u00e7as e prefer\u00eancias, por exemplo, e a partir destas caracter\u00edsticas construir junto com outros profissionais de sa\u00fade um plano terap\u00eautico que melhor o atenda. Al\u00e9m disso, a atua\u00e7\u00e3o tem como desafio acolher, escutar e dar encaminhamentos \u00e0s demandas apresentadas pelos pacientes e seus familiares, que podem estar ligadas \u00e0s dificuldades enfrentadas durante o processo de hospitaliza\u00e7\u00e3o e desospitaliza\u00e7\u00e3o ou a quest\u00f5es cotidianas que ultrapassam a\u00e7\u00f5es inerentes \u00e0 interna\u00e7\u00e3o.<\/p>\n\n\n\n<p>Um dos principais eixos de trabalho desenvolvido \u00e9 o atendimento direto ao paciente e sua fam\u00edlia. \u201cAtrav\u00e9s da avalia\u00e7\u00e3o social conseguimos realizar a democratiza\u00e7\u00e3o sobre informa\u00e7\u00f5es por meio de orienta\u00e7\u00f5es e encaminhamentos quanto aos direitos sociais e previdenci\u00e1rios, em rela\u00e7\u00e3o ao trabalho em geral (licen\u00e7a) e aos seguros sociais (Danos Pessoais causados por Ve\u00edculos Automotores por via Terrestre \u2013 DPVAT), entre outros\u201d, declara Thamires da Silva Alves, Assistente Social da YUNA, Especialista em Direitos Humanos e Sa\u00fade.<\/p>\n\n\n\n<p>Por conhecer a realidade do paciente, bem como a interfer\u00eancia de seu contexto social em seu processo sa\u00fade X doen\u00e7a, al\u00e9m de subsidiar informa\u00e7\u00f5es que possam auxiliar na atua\u00e7\u00e3o dos demais profissionais de sa\u00fade, o assistente social planeja e executa a\u00e7\u00f5es de acolhimento, garantindo os direitos fundamentais \u00e0 sa\u00fade na institui\u00e7\u00e3o, al\u00e9m de organizar o retorno ao domic\u00edlio ap\u00f3s a alta hospitalar.<\/p>\n\n\n\n<p>\u201cEssas a\u00e7\u00f5es visam facilitar e possibilitar o acesso dos pacientes aos servi\u00e7os mencionados, bem como a garantia de direitos na esfera da seguridade social. Tamb\u00e9m fazemos parte do processo de educa\u00e7\u00e3o em sa\u00fade com a\u00e7\u00f5es socioeducativas e preventivas com temas condizentes com os interesses dos pacientes. Prestamos acolhimento e escuta ativa dos pacientes e familiares, entendendo que o processo de recupera\u00e7\u00e3o do paciente e as quest\u00f5es apresentadas \u00e0s fam\u00edlias pela responsabiliza\u00e7\u00e3o do cuidado podem gerar quest\u00f5es psicossociais\u201d, esclarece Thamires da Silva Alves.<\/p>\n\n\n\n<p>\u00c9 importante salientar que as atribui\u00e7\u00f5es profissionais perpassam os muros da institui\u00e7\u00e3o, auxiliando na qualidade de vida dos atendidos e identificando os dificultadores e facilitadores do processo de sa\u00fade.<\/p>\n\n\n\n<p class=\"has-medium-font-size\">Os direitos do paciente e deveres dos profissionais de sa\u00fade durante a interna\u00e7\u00e3o<\/p>\n\n\n\n<p>Os direitos dos pacientes devem estar no centro de todo atendimento, garantindo mais seguran\u00e7a e qualidade, tanto em servi\u00e7os de sa\u00fade p\u00fablicos quanto privados. O objetivo \u00e9 disseminar a cultura de direitos humanos na sa\u00fade e prevenir situa\u00e7\u00f5es de viola\u00e7\u00e3o desses direitos, que s\u00e3o garantidos tanto pela Constitui\u00e7\u00e3o Federal de 1988, como alinhados com o Estatuto do Idoso, Estatuto da Crian\u00e7a e do Adolescente e o Estatuto da Pessoa com Defici\u00eancia.<\/p>\n\n\n\n<p>Esses arcabou\u00e7os legais preconizam que os pacientes t\u00eam o direito de receber informa\u00e7\u00f5es claras e objetivas sobre o atendimento, os procedimentos e os cuidados que ser\u00e3o ofertados durante o tratamento.<br>\u00c9 um dever dos profissionais de sa\u00fade fornecerem essas informa\u00e7\u00f5es de forma adequada, levando em considera\u00e7\u00e3o a compreens\u00e3o e o n\u00edvel de informa\u00e7\u00e3o do indiv\u00edduo e seus familiares. J\u00e1 o sigilo profissional \u00e9 um direito do paciente, que garante que as informa\u00e7\u00f5es pessoais e de sa\u00fade sejam mantidas em segredo pelo profissional que realiza o atendimento. Esse procedimento \u00e9 unificado em todos os equipamentos de sa\u00fade, como hospitais, laborat\u00f3rios, entre outros.<\/p>\n\n\n\n<p>Segundo a assistente social, tamb\u00e9m s\u00e3o prestadas informa\u00e7\u00f5es sobre as quest\u00f5es previdenci\u00e1rias e sociais que os cidad\u00e3os possam ter direito em decorr\u00eancia de sua situa\u00e7\u00e3o cl\u00ednica. Como exemplos, aplica\u00e7\u00f5es como benef\u00edcios de incapacidade tempor\u00e1ria, aposentadoria, benef\u00edcio de presta\u00e7\u00e3o continuada.<\/p>\n\n\n\n<p>\u201cA orienta\u00e7\u00e3o previdenci\u00e1ria \u00e9 uma demanda regularmente apresentada pelos pacientes e familiares. Desvelar as dificuldades da rela\u00e7\u00e3o entre a solicita\u00e7\u00e3o de direitos previdenci\u00e1rios junto ao INSS e auxili\u00e1-los at\u00e9 o acesso a seus benef\u00edcios e proventos \u00e9 uma das nossas tarefas. Alguns pacientes n\u00e3o tinham a informa\u00e7\u00e3o, por exemplo, que a per\u00edcia m\u00e9dica do INSS pode ser realizada durante o per\u00edodo hospitalar. Ou, que em alguns casos, pode ser realizada apenas com a apresenta\u00e7\u00e3o de documenta\u00e7\u00e3o m\u00e9dica. Socializando essas informa\u00e7\u00f5es conseguimos facilitar a organiza\u00e7\u00e3o familiar para que seja menos afetada\u201d, completa a profissional.<\/p>\n\n\n\n<p class=\"has-medium-font-size\">Sobre a YUNA<\/p>\n\n\n\n<p>A YUNA, especializada em transi\u00e7\u00e3o de cuidados, oferece suporte completo para pacientes de reabilita\u00e7\u00e3o, cuidados paliativos e continuados, atendimento individualizado e assist\u00eancia transdisciplinar. Mais informa\u00e7\u00f5es no telefone (11) 3087-3800 ou no site https:\/\/yuna.com.br\/.<\/p>\n","protected":false},"excerpt":{"rendered":"<p>Orienta\u00e7\u00f5es sobre direitos sociais e previdenci\u00e1rios, licen\u00e7a de trabalho e seguros sociais s\u00e3o alguns dos assuntos de dom\u00ednio do assistente social no aux\u00edlio de pacientes e familiares As quest\u00f5es de sa\u00fade t\u00eam como premissa o cuidado multidimensional e, por afetar m\u00faltiplas dimens\u00f5es na vida dos pacientes e seus familiares, o atendimento interdisciplinar se torna imprescind\u00edvel, [&hellip;]<\/p>\n","protected":false},"author":1,"featured_media":2786,"comment_status":"open","ping_status":"open","sticky":false,"template":"","format":"standard","meta":{"footnotes":""},"categories":[29],"tags":[],"class_list":["post-2785","post","type-post","status-publish","format-standard","has-post-thumbnail","hentry","category-artigos"],"_links":{"self":[{"href":"https:\/\/diarioparanaense.com\/index.php?rest_route=\/wp\/v2\/posts\/2785","targetHints":{"allow":["GET"]}}],"collection":[{"href":"https:\/\/diarioparanaense.com\/index.php?rest_route=\/wp\/v2\/posts"}],"about":[{"href":"https:\/\/diarioparanaense.com\/index.php?rest_route=\/wp\/v2\/types\/post"}],"author":[{"embeddable":true,"href":"https:\/\/diarioparanaense.com\/index.php?rest_route=\/wp\/v2\/users\/1"}],"replies":[{"embeddable":true,"href":"https:\/\/diarioparanaense.com\/index.php?rest_route=%2Fwp%2Fv2%2Fcomments&post=2785"}],"version-history":[{"count":1,"href":"https:\/\/diarioparanaense.com\/index.php?rest_route=\/wp\/v2\/posts\/2785\/revisions"}],"predecessor-version":[{"id":2787,"href":"https:\/\/diarioparanaense.com\/index.php?rest_route=\/wp\/v2\/posts\/2785\/revisions\/2787"}],"wp:featuredmedia":[{"embeddable":true,"href":"https:\/\/diarioparanaense.com\/index.php?rest_route=\/wp\/v2\/media\/2786"}],"wp:attachment":[{"href":"https:\/\/diarioparanaense.com\/index.php?rest_route=%2Fwp%2Fv2%2Fmedia&parent=2785"}],"wp:term":[{"taxonomy":"category","embeddable":true,"href":"https:\/\/diarioparanaense.com\/index.php?rest_route=%2Fwp%2Fv2%2Fcategories&post=2785"},{"taxonomy":"post_tag","embeddable":true,"href":"https:\/\/diarioparanaense.com\/index.php?rest_route=%2Fwp%2Fv2%2Ftags&post=2785"}],"curies":[{"name":"wp","href":"https:\/\/api.w.org\/{rel}","templated":true}]}}