{"id":2772,"date":"2024-06-17T13:15:55","date_gmt":"2024-06-17T16:15:55","guid":{"rendered":"https:\/\/diarioparanaense.com\/?p=2772"},"modified":"2024-06-17T13:15:56","modified_gmt":"2024-06-17T16:15:56","slug":"mauricio-manieri-se-apresenta-hoje-em-live-solidaria-pelo-rs-promovida-por-patricia-poeta","status":"publish","type":"post","link":"https:\/\/diarioparanaense.com\/?p=2772","title":{"rendered":"Maur\u00edcio Manieri se apresenta, hoje, em live solid\u00e1ria pelo RS, promovida por Patr\u00edcia Poeta"},"content":{"rendered":"\n<p><em>Canal Futura transmite ao vivo o \u201cLevanta Rio Grande\u201d, que acontece nesta segunda-feira (17) a partir das 20 horas<\/em><\/p>\n\n\n\n<p>Hoje \u00e0 noite, artistas se unem em uma demonstra\u00e7\u00e3o de solidariedade sem precedentes durante a live \u201cLevanta Rio Grande\u201d, organizada por Patr\u00edcia Poeta em resposta \u00e0s devastadoras enchentes que assolaram o Rio Grande do Sul. O evento, que ser\u00e1 transmitido ao vivo a partir das 20h pelo canal Futura, Globoplay e YouTube, contar\u00e1 com a presen\u00e7a do cantor Maur\u00edcio Manieri, Thierry, Lexa, Luiza Possi, Wanessa Camargo, Paula Lima, entre outros.<\/p>\n\n\n\n<p>Patr\u00edcia Poeta, natural de S\u00e3o Jer\u00f4nimo do Sul (RS), mobilizou artistas, influenciadores e celebridades de todas as \u00e1reas para participar desta causa nobre, que visa arrecadar fundos para auxiliar as fam\u00edlias afetadas. Com o apoio da Caldi Comunica\u00e7\u00e3o e da Ag\u00eancia HIT, a mobiliza\u00e7\u00e3o promete oferecer esperan\u00e7a e recursos essenciais para os ga\u00fachos que lutam para reconstruir suas vidas.<\/p>\n\n\n\n<p>Maur\u00edcio Manieri, conhecido por seus sucessos no cen\u00e1rio musical brasileiro, traz sua voz e talento para este evento \u00fanico. Sua participa\u00e7\u00e3o n\u00e3o apenas enriquece artisticamente a live, mas tamb\u00e9m fortalece o compromisso de todos os envolvidos em fazer a diferen\u00e7a.<\/p>\n\n\n\n<p>\u201cEstou honrado em contribuir com minha m\u00fasica para esta causa t\u00e3o importante. \u00c9 um momento de uni\u00e3o e solidariedade, onde a arte se une ao prop\u00f3sito de ajudar ao pr\u00f3ximo\u201d, compartilha Maur\u00edcio Manieri.<\/p>\n\n\n\n<p>Os telespectadores v\u00e3o poder realizar doa\u00e7\u00f5es pelo QR Code do \u201cParaQuemDoar\u201d ou atrav\u00e9s do link &#8211; clique aqui. Todo o dinheiro arrecadado ser\u00e1 direcionado \u00e0s fam\u00edlias afetadas, que agora, mais do que nunca, precisam manter sua dignidade e reaver suas casas, escolas e vida.<\/p>\n\n\n\n<p>Onde h\u00e1 um cora\u00e7\u00e3o, h\u00e1 esperan\u00e7a. O evento \u00e9 feito de muitos cora\u00e7\u00f5es e repleto de amor. Levanta, Rio Grande!<\/p>\n\n\n\n<p><strong>Data<\/strong>: segunda-feira, 17 de junho de 2024<\/p>\n\n\n\n<p><strong>Hor\u00e1rio<\/strong>: a partir das 20h<\/p>\n\n\n\n<p><strong>Local<\/strong>: Vibra S\u00e3o Paulo &#8211; Av. das Na\u00e7\u00f5es Unidas, 17955<\/p>\n\n\n\n<p><strong>Onde Assistir:<\/strong><\/p>\n\n\n\n<p><strong>A transmiss\u00e3o ser\u00e1 realizada pelo Canal Futura:<\/strong><\/p>\n\n\n\n<p>\u25cf TV: SKY HD: 434; NET e CLARO TV HD: 534 e 34; VIVO HD:68; ou OI TV: 35<\/p>\n\n\n\n<p><strong>Globoplay<\/strong>: <a href=\"https:\/\/globoplay.globo.com\/futura\/ao-vivo\/7420604\/\">https:\/\/globoplay.globo.com\/futura\/ao-vivo\/7420604\/<\/a><\/p>\n\n\n\n<p><strong>YouTube<\/strong>: <a href=\"https:\/\/www.youtube.com\/@canalfuturaorgbr\">https:\/\/www.youtube.com\/@canalfuturaorgbr<\/a><\/p>\n\n\n\n<p><strong>Como Doar:<\/strong><\/p>\n\n\n\n<p><strong>Atrav\u00e9s do link<\/strong>: <a href=\"https:\/\/emergencia.paraquemdoar.com.br\/?ref=showpp\">https:\/\/emergencia.paraquemdoar.com.br\/?ref=showpp<\/a><\/p>\n","protected":false},"excerpt":{"rendered":"<p>Canal Futura transmite ao vivo o \u201cLevanta Rio Grande\u201d, que acontece nesta segunda-feira (17) a partir das 20 horas Hoje \u00e0 noite, artistas se unem em uma demonstra\u00e7\u00e3o de solidariedade sem precedentes durante a live \u201cLevanta Rio Grande\u201d, organizada por Patr\u00edcia Poeta em resposta \u00e0s devastadoras enchentes que assolaram o Rio Grande do Sul. O [&hellip;]<\/p>\n","protected":false},"author":1,"featured_media":2773,"comment_status":"open","ping_status":"open","sticky":false,"template":"","format":"standard","meta":{"footnotes":""},"categories":[27],"tags":[],"class_list":["post-2772","post","type-post","status-publish","format-standard","has-post-thumbnail","hentry","category-musica"],"_links":{"self":[{"href":"https:\/\/diarioparanaense.com\/index.php?rest_route=\/wp\/v2\/posts\/2772","targetHints":{"allow":["GET"]}}],"collection":[{"href":"https:\/\/diarioparanaense.com\/index.php?rest_route=\/wp\/v2\/posts"}],"about":[{"href":"https:\/\/diarioparanaense.com\/index.php?rest_route=\/wp\/v2\/types\/post"}],"author":[{"embeddable":true,"href":"https:\/\/diarioparanaense.com\/index.php?rest_route=\/wp\/v2\/users\/1"}],"replies":[{"embeddable":true,"href":"https:\/\/diarioparanaense.com\/index.php?rest_route=%2Fwp%2Fv2%2Fcomments&post=2772"}],"version-history":[{"count":1,"href":"https:\/\/diarioparanaense.com\/index.php?rest_route=\/wp\/v2\/posts\/2772\/revisions"}],"predecessor-version":[{"id":2774,"href":"https:\/\/diarioparanaense.com\/index.php?rest_route=\/wp\/v2\/posts\/2772\/revisions\/2774"}],"wp:featuredmedia":[{"embeddable":true,"href":"https:\/\/diarioparanaense.com\/index.php?rest_route=\/wp\/v2\/media\/2773"}],"wp:attachment":[{"href":"https:\/\/diarioparanaense.com\/index.php?rest_route=%2Fwp%2Fv2%2Fmedia&parent=2772"}],"wp:term":[{"taxonomy":"category","embeddable":true,"href":"https:\/\/diarioparanaense.com\/index.php?rest_route=%2Fwp%2Fv2%2Fcategories&post=2772"},{"taxonomy":"post_tag","embeddable":true,"href":"https:\/\/diarioparanaense.com\/index.php?rest_route=%2Fwp%2Fv2%2Ftags&post=2772"}],"curies":[{"name":"wp","href":"https:\/\/api.w.org\/{rel}","templated":true}]}}