{"id":2743,"date":"2024-06-12T15:58:56","date_gmt":"2024-06-12T18:58:56","guid":{"rendered":"https:\/\/diarioparanaense.com\/?p=2743"},"modified":"2024-06-12T15:58:57","modified_gmt":"2024-06-12T18:58:57","slug":"16o-in-edit-brasil-divulga-a-programacao-online-e-gratuita-disponivel-para-todo-brasil-nas-plataformas-itau-cultural-play-spcine-play-e-sesc-digital","status":"publish","type":"post","link":"https:\/\/diarioparanaense.com\/?p=2743","title":{"rendered":"16\u00ba In-Edit Brasil divulga a programa\u00e7\u00e3o online e gratuita, dispon\u00edvel para todo brasil, nas plataformas Ita\u00fa Cultural Play, Spcine Play E Sesc Digital"},"content":{"rendered":"\n<p class=\"has-medium-font-size\">T\u00edtulos nacionais e internacionais sobre artistas e temas como Arrigo Barnab\u00e9, Z\u00e9 Ketti, Andr\u00e9 Christovam, Andr\u00e9s Godoy, Germano Mathias, a banda Black Future, o funk paulistano, e muito mais!<\/p>\n\n\n\n<p>O In-Edit Brasil &#8211; Festival Internacional do Document\u00e1rio Musical celebra sua 16\u00aa edi\u00e7\u00e3o e oferece ao p\u00fablico de todo o Brasil um recorte da programa\u00e7\u00e3o no formato online e gratuito, atrav\u00e9s do streaming das plataformas Ita\u00fa Cultural Play, Spcine Play e Sesc Digital<\/p>\n\n\n\n<p>De 13 a 23 de junho, o festival apresenta 19 t\u00edtulos entre longas e curtas, de todos os cantos do Brasil e do mundo, abordando artistas, grupos e temas como Arrigo Barnab\u00e9, Z\u00e9 Ketti, Black Future, Andr\u00e9 Christovam, Andr\u00e9s Godoy, Germano Mathias, o m\u00fasico baiano Rato Branco, o funk paulistano, o bloco clandestino carioca Pula Roleta, a m\u00fasica folcl\u00f3rica do nordeste da China, os &#8216;personal dancers&#8217; de sal\u00f5es de baile de S\u00e3o Paulo, o projeto composto por percussionistas surdos, e muito mais!<\/p>\n\n\n\n<p>O longa I Dream Of Wires, de Robert Fantinatto, que faz parte do Especial M\u00fasica e M\u00e1quinas, tamb\u00e9m est\u00e1 na programa\u00e7\u00e3o online. O document\u00e1rio hist\u00f3rico traz uma vis\u00e3o dos sintetizadores modulares, desde sua cria\u00e7\u00e3o por engenheiros at\u00e9 seu ressurgimento nas m\u00e3os de artistas contempor\u00e2neos.<\/p>\n\n\n\n<p>A 16\u00aa edi\u00e7\u00e3o do In-Edit Brasil &#8211; Festival Internacional do Document\u00e1rio Musical acontece tamb\u00e9m no formato presencial em S\u00e3o Paulo, de 12 a 23 de junho, em diversas salas.<\/p>\n\n\n\n<p>Para conferir toda a programa\u00e7\u00e3o online, basta acessar: br.in-edit.org\/<\/p>\n\n\n\n<p>PROGRAMA\u00c7\u00c3O ONLINE _ 16\u00ba IN-EDIT BRASIL<\/p>\n\n\n\n<p>DE 13 A 23 DE JUNHO _ GR\u00c1TIS<\/p>\n\n\n\n<p>Ita\u00fa Cultural Play<\/p>\n\n\n\n<p><a href=\"https:\/\/www.itauculturalplay.com.br\">https:\/\/www.itauculturalplay.com.br<\/a><\/p>\n\n\n\n<p>Funk Favela<\/p>\n\n\n\n<p>Kenya Zanatta | Brasil | 2024 | 71&#8242;<\/p>\n\n\n\n<p>Combinando depoimentos de personagens que fazem a cena do funk paulistano com trechos observacionais, o filme aborda as multiplicidades e as contradi\u00e7\u00f5es do movimento, buscando identificar as ra\u00edzes sociais de um g\u00eanero que nasceu e encontra sua pot\u00eancia criativa nas periferias das grandes cidades.<\/p>\n\n\n\n<p>Eu Sou O Samba, Mas Pode Me Chamar De Z\u00e9 Ketti<\/p>\n\n\n\n<p>Luiz Guimar\u00e3es de Castro | Brasil | 2024 | 89\u2019<\/p>\n\n\n\n<p>Z\u00e9 Ketti, compositor de can\u00e7\u00f5es memor\u00e1veis da m\u00fasica brasileira, tem sua hist\u00f3ria recontada atrav\u00e9s de depoimentos do pr\u00f3prio artista, familiares e amigos pr\u00f3ximos.<\/p>\n\n\n\n<p>Contando tamb\u00e9m com performances musicais, o filme apresenta as diversas facetas do compositor, ator e cantor.<\/p>\n\n\n\n<p>No Rastro Do P\u00e9 De Bode<\/p>\n\n\n\n<p>Marcelo Rabelo | Brasil | 2023 | 60\u2019<\/p>\n\n\n\n<p>Neste road movie, Rato Branco, um velho m\u00fasico, percorre o sert\u00e3o da Bahia em busca de instrumentistas que preservam a tradi\u00e7\u00e3o da sanfona de oito baixos &#8211; fundamental no surgimento do forr\u00f3, mas atualmente em desuso &#8211; revelando a mem\u00f3ria musical da regi\u00e3o.<\/p>\n\n\n\n<p>Curtas:<\/p>\n\n\n\n<p>O Carnaval De Rua \u00c9 Festa Do Povo<\/p>\n\n\n\n<p>Uilton Oliveira | Brasil | 2023 | 15&#8242;<\/p>\n\n\n\n<p>Pula Roleta \u00e9 um bloco clandestino no Rio de Janeiro que surgiu na esteira da luta pelo transporte p\u00fablico gratuito na cidade. Neste curta, sua hist\u00f3ria \u00e9 contada por alguns participantes e organizadores do bloco.<\/p>\n\n\n\n<p>\u00c9 D&#8217;Oxum: A For\u00e7a Que Mora N&#8217;\u00c1gua<\/p>\n\n\n\n<p>Day Sena | Brasil | 2023 | 26\u2019<\/p>\n\n\n\n<p>Composta por Ger\u00f4nimo Santana e Vev\u00e9 Calasans, \u201c\u00c9 D\u2019Oxum\u201d \u00e9 uma das can\u00e7\u00f5es mais populares na Bahia \u00e9 considerada por muitos o hino extraoficial de Salvador.<\/p>\n\n\n\n<p>De Par Em Par<\/p>\n\n\n\n<p>Tais Melo | Brasil | 2023 | 16\u2019<\/p>\n\n\n\n<p>Em sal\u00f5es de baile de S\u00e3o Paulo, muitas frequentadoras buscam os servi\u00e7os de \u201cpersonal dancers\u201d, profissionais pagos para acompanh\u00e1-las nas dan\u00e7as. Aqui, temos o encontro inusitado de Tony, um personal dancer e sua cliente Marilena.<\/p>\n\n\n\n<p>Sesc Digital<\/p>\n\n\n\n<p><a href=\"https:\/\/sesc.digital\/colecao\/cinema-em-casa-com-sesc\">https:\/\/sesc.digital\/colecao\/cinema-em-casa-com-sesc<\/a><\/p>\n\n\n\n<p>Black Future, Eu Sou O Rio<\/p>\n\n\n\n<p>Paulo Severo | Brasil | 2023 | 77\u2019<\/p>\n\n\n\n<p>\u201cEu sou o Rio\u201d, \u00e1lbum de estreia do Black Future, esteve em todas as listas de melhores lan\u00e7amentos de 1988. Sucesso de cr\u00edtica, foi ignorado pelo p\u00fablico e nunca foi relan\u00e7ado. Com entrevistas feitas aos vinte anos de lan\u00e7amento do disco, seus ex-integrantes e pessoas pr\u00f3ximas esmi\u00fa\u00e7am a hist\u00f3ria da banda.<\/p>\n\n\n\n<p>O Homem Crocodilo<\/p>\n\n\n\n<p>Rodrigo Grota | Brasil | 2024 | 84\u2019<\/p>\n\n\n\n<p>Um dos expoentes da Vanguarda Paulistana, Arrigo Barnab\u00e9 \u00e9 o foco desse filme-experimento que aborda seus anos em Londrina, antes de se mudar para S\u00e3o Paulo. Com uma mistura de interfer\u00eancia sonoras e visuais, o diretor Rodrigo Grota apresenta o inconsciente est\u00e9tico na obra do criador de Clara Crocodilo.<\/p>\n\n\n\n<p>Andr\u00e9s Godoy: El Arte De Perder<\/p>\n\n\n\n<p>Sebastian Saam | Chile, Alemanha | 2022 | 71\u2019<\/p>\n\n\n\n<p>O compositor, int\u00e9rprete e produtor Andr\u00e9s Godoy perdeu o bra\u00e7o direito em um acidente de trabalho, aos 14 anos. Apesar disso, ele superou a frustra\u00e7\u00e3o e a dor e persistiu fazendo o que mais gosta, sua m\u00fasica, e desenvolveu uma t\u00e9cnica \u00fanica no mundo, o tatap. Vencedor do In-Edit Chile 2022.<\/p>\n\n\n\n<p>Dusty &amp; Stones<\/p>\n\n\n\n<p>Jesse Rudoy | Estados Unidos | 2022 | 83\u2019<\/p>\n\n\n\n<p>Esta \u00e9 a emocionante peregrina\u00e7\u00e3o de dois devotos da m\u00fasica country, do Reino de Essuat\u00edni ao cora\u00e7\u00e3o do g\u00eanero, o Texas. A partir de um convite inesperado para um concurso internacional de artistas country os primos Gazi &#8220;Dusty&#8221; Simelane e Linda &#8220;Stones&#8221; Msibi viajam para viver seu grande sonho.<\/p>\n\n\n\n<p>I Dream Of Wires<\/p>\n\n\n\n<p>Robert Fantinatto | Reino Unido, Canad\u00e1, Alemanha, Estados Unidos | 2014 | 96\u2019<\/p>\n\n\n\n<p>Este document\u00e1rio hist\u00f3rico narra o nascimento, a populariza\u00e7\u00e3o, o esquecimento e o ressurgimento dos sintetizadores modulares. Uma trajet\u00f3ria que tem in\u00edcio entre engenheiros, mas que logo encontrou seu lugar nas emissoras de r\u00e1dios, at\u00e9 finalmente chegar \u00e0s m\u00e3os de artistas de diversos g\u00eaneros musicais.<\/p>\n\n\n\n<p>Spcineplay<\/p>\n\n\n\n<p><a href=\"https:\/\/www.spcineplay.com.br\/pages\/2-home-logado\">https:\/\/www.spcineplay.com.br\/pages\/2-home-logado<\/a><\/p>\n\n\n\n<p>Germano Mathias &#8211; O Catedr\u00e1tico Do Samba<\/p>\n\n\n\n<p>Caue Angeli e Hernani de Oliveira Ramos | Brasil | 2023 | 70\u2019<\/p>\n\n\n\n<p>O paulista Germano Mathias se tornou \u00edcone de um estilo musical que misturava muita malandragem e poesia. No filme, acompanhamos Germano contando sua vida, trajet\u00f3ria e nos trazendo lembran\u00e7as de uma cidade que, se n\u00e3o existe mais, ainda est\u00e1 oculta de nossos olhares distra\u00eddos.<\/p>\n\n\n\n<p>Viam\u00e3o<\/p>\n\n\n\n<p>S\u00e9rgio Perer\u00ea, Leandro Miranda e Gibran | Brasil | 2023 | 79\u00b4Em novembro de 2016, o m\u00fasico e compositor mineiro S\u00e9rgio Perer\u00ea foi para Argentina e Uruguai,<\/p>\n\n\n\n<p>para reencontrar o grupo de percuss\u00e3o argentino No Chilla. A partir deste encontro sua m\u00fasica surge para questionar a invisibiliza\u00e7\u00e3o da comunidade afrodescendente na Argentina.<\/p>\n\n\n\n<p>Mandinga<\/p>\n\n\n\n<p>Egler Cordeiro | Brasil | 2024 | 100\u2019<\/p>\n\n\n\n<p>Andr\u00e9 Christovam \u00e9 um dos grandes nomes do blues no pa\u00eds e seu primeiro \u00e1lbum, Mandinga, \u00e9 considerado o disco mais vendido no Brasil no g\u00eanero. Neste filme, ele e outras pessoas envolvidas na cria\u00e7\u00e3o da obra contam como foi sua produ\u00e7\u00e3o e falam sobre seu impacto na \u00e9poca.<\/p>\n\n\n\n<p>Curtas:<\/p>\n\n\n\n<p>Mborairap\u00e9<\/p>\n\n\n\n<p>Roney Freitas | Brasil | 2023 | 25&#8242;<\/p>\n\n\n\n<p>Misturando elementos de document\u00e1rio e fic\u00e7\u00e3o, \u201cMborairap\u00e9\u201d mostra um grupo de jovens rappers Guarani que vivem no bairro do Jaragu\u00e1 (SP) e sua express\u00e3o cultural atrav\u00e9s da m\u00fasica.<\/p>\n\n\n\n<p>Pisa Na Tradi\u00e7\u00e3o<\/p>\n\n\n\n<p>Coraci Ruiz | Brasil | 2023 | 24&#8242;<\/p>\n\n\n\n<p>Em Campinas (SP), a Comunidade Jongo Ribeiro discorre sobre as origens dos pontos de jongo criados na regi\u00e3o. Aqui, conhecemos a hist\u00f3ria deste movimento cultural e pol\u00edtico e as formas como a comunidade trava a luta antirracista na \u00faltima cidade brasileira a abolir a escravid\u00e3o.<\/p>\n\n\n\n<p>At\u00e9 O \u00daltimo Sopro<\/p>\n\n\n\n<p>Benjamin Medeiros | Brasil | 2023 | 10\u2019<\/p>\n\n\n\n<p>A m\u00fasica folcl\u00f3rica de Fuzhou (regi\u00e3o no nordeste da China) \u00e9 tocada com instrumentos de sopro, em casamentos e funerais. Song Xiping, professor de Suona, um inusitado instrumento, \u00e9 um dos principais herdeiros desta m\u00fasica, e transmite este saber tradicional a seus alunos.<\/p>\n\n\n\n<p>Sagrado Compor<\/p>\n\n\n\n<p>Henrique Dantas e Marcelo Abreu | Brasil | 2023 | 23\u2019<\/p>\n\n\n\n<p>O filme \u00e9 um registro do Encontro de Culturas do Mundo, que ocorreu no litoral da Bahia, em janeiro de 2023. Ali, diversos grupos \u00e9tnicos de diversas partes do mundo falam sobre m\u00fasicas e can\u00e7\u00f5es ligadas ao sagrado.<\/p>\n\n\n\n<p>O Som Da Pele<\/p>\n\n\n\n<p>Marcos Santos | Brasil | 2023 | 25\u2019<\/p>\n\n\n\n<p>Mestre Batman discute seu projeto \u201cBatuqueiros do Sil\u00eancio\u201d, que \u00e9 composto por percussionistas surdos e explora a m\u00fasica atrav\u00e9s da vibra\u00e7\u00e3o e do ritmo.<\/p>\n\n\n\n<p>Servi\u00e7o:<\/p>\n\n\n\n<p>16\u00ba In-Edit Brasil &#8211; Festival Internacional do Document\u00e1rio Musical<\/p>\n\n\n\n<p>de 12 a 23 de junho &#8211; S\u00e3o Paulo e Online<\/p>\n\n\n\n<p>Programa\u00e7\u00e3o gratuita, exceto no CineSesc, com sess\u00f5es no valor \u00fanico de R$10.<\/p>\n\n\n\n<p><a href=\"http:\/\/www.in-edit-brasil.com\">www.in-edit-brasil.com<\/a> |\u00a0\u00a0@ineditbrasil<\/p>\n","protected":false},"excerpt":{"rendered":"<p>T\u00edtulos nacionais e internacionais sobre artistas e temas como Arrigo Barnab\u00e9, Z\u00e9 Ketti, Andr\u00e9 Christovam, Andr\u00e9s Godoy, Germano Mathias, a banda Black Future, o funk paulistano, e muito mais! O In-Edit Brasil &#8211; Festival Internacional do Document\u00e1rio Musical celebra sua 16\u00aa edi\u00e7\u00e3o e oferece ao p\u00fablico de todo o Brasil um recorte da programa\u00e7\u00e3o no [&hellip;]<\/p>\n","protected":false},"author":1,"featured_media":2744,"comment_status":"open","ping_status":"open","sticky":false,"template":"","format":"standard","meta":{"footnotes":""},"categories":[431],"tags":[],"class_list":["post-2743","post","type-post","status-publish","format-standard","has-post-thumbnail","hentry","category-cultura"],"_links":{"self":[{"href":"https:\/\/diarioparanaense.com\/index.php?rest_route=\/wp\/v2\/posts\/2743","targetHints":{"allow":["GET"]}}],"collection":[{"href":"https:\/\/diarioparanaense.com\/index.php?rest_route=\/wp\/v2\/posts"}],"about":[{"href":"https:\/\/diarioparanaense.com\/index.php?rest_route=\/wp\/v2\/types\/post"}],"author":[{"embeddable":true,"href":"https:\/\/diarioparanaense.com\/index.php?rest_route=\/wp\/v2\/users\/1"}],"replies":[{"embeddable":true,"href":"https:\/\/diarioparanaense.com\/index.php?rest_route=%2Fwp%2Fv2%2Fcomments&post=2743"}],"version-history":[{"count":1,"href":"https:\/\/diarioparanaense.com\/index.php?rest_route=\/wp\/v2\/posts\/2743\/revisions"}],"predecessor-version":[{"id":2745,"href":"https:\/\/diarioparanaense.com\/index.php?rest_route=\/wp\/v2\/posts\/2743\/revisions\/2745"}],"wp:featuredmedia":[{"embeddable":true,"href":"https:\/\/diarioparanaense.com\/index.php?rest_route=\/wp\/v2\/media\/2744"}],"wp:attachment":[{"href":"https:\/\/diarioparanaense.com\/index.php?rest_route=%2Fwp%2Fv2%2Fmedia&parent=2743"}],"wp:term":[{"taxonomy":"category","embeddable":true,"href":"https:\/\/diarioparanaense.com\/index.php?rest_route=%2Fwp%2Fv2%2Fcategories&post=2743"},{"taxonomy":"post_tag","embeddable":true,"href":"https:\/\/diarioparanaense.com\/index.php?rest_route=%2Fwp%2Fv2%2Ftags&post=2743"}],"curies":[{"name":"wp","href":"https:\/\/api.w.org\/{rel}","templated":true}]}}