{"id":2737,"date":"2024-06-12T15:53:20","date_gmt":"2024-06-12T18:53:20","guid":{"rendered":"https:\/\/diarioparanaense.com\/?p=2737"},"modified":"2024-11-15T16:31:39","modified_gmt":"2024-11-15T19:31:39","slug":"habla-empreendedora-o-novo-podcast-que-da-voz-e-visibilidade-as-mulheres-nos-negocios-de-curitiba-e-regiao","status":"publish","type":"post","link":"https:\/\/diarioparanaense.com\/?p=2737","title":{"rendered":"\u00a1Habla, Empreendedora!&#8221;: O Novo Podcast que D\u00e1 Voz e Visibilidade \u00e0s Mulheres nos Neg\u00f3cios de Curitiba e regi\u00e3o"},"content":{"rendered":"\n<p>O cen\u00e1rio empreendedor feminino de Curitiba ganha um novo palco para suas vozes e hist\u00f3rias: o podcast &#8220;\u00a1Habla, Empreendedora!&#8221;, idealizado por Roberta da Trindade, empres\u00e1ria e especialista em gest\u00e3o de pessoas. Com o objetivo de democratizar o acesso \u00e0 produ\u00e7\u00e3o de conte\u00fado de qualidade, o podcast oferece \u00e0s empreendedoras a oportunidade de compartilhar suas jornadas, desafios e sucessos em epis\u00f3dios de 30 minutos, com direito a v\u00eddeo completo, v\u00eddeos curtos para redes sociais e divulga\u00e7\u00e3o estrat\u00e9gica.<\/p>\n\n\n\n<h4 class=\"wp-block-heading\">Um Projeto Colaborativo que Empodera e Inspira<\/h4>\n\n\n\n<p>Roberta da Trindade, fundadora da Efoco Solu\u00e7\u00f5es em Gest\u00e3o de Pessoas, explica a proposta do podcast: &#8220;Queremos quebrar a barreira da elitiza\u00e7\u00e3o dos podcasts e dar voz a mulheres de todas as \u00e1reas e setores. Acreditamos que cada hist\u00f3ria tem o poder de inspirar e fortalecer outras mulheres nos neg\u00f3cios.&#8221; O &#8220;Habla, Empreendedora!&#8221; abre as portas para que mulheres compartilhem suas experi\u00eancias, aprendizados e orienta\u00e7\u00f5es em um ambiente acolhedor e inclusivo.<\/p>\n\n\n\n<p>Este projeto \u00e9 colaborativo, onde uma pequena contribui\u00e7\u00e3o viabiliza a produ\u00e7\u00e3o profissional dos epis\u00f3dios. Isso assegura conte\u00fados de excel\u00eancia, inspirando empreendedoras em todo o Brasil. A iniciativa visa criar um ciclo de apoio m\u00fatuo, onde aquelas que j\u00e1 avan\u00e7aram em suas carreiras e t\u00eam insights valiosos para compartilhar, ajudam co-criando o projeto que tem como objetivo empoderar e incentivar outras mulheres no mundo dos neg\u00f3cios.<\/p>\n\n\n\n<h4 class=\"wp-block-heading\">Benef\u00edcios para as Empreendedoras:<\/h4>\n\n\n\n<ul class=\"wp-block-list\">\n<li><strong>Ampla Visibilidade e Alcance de P\u00fablico<\/strong>: Alcance um p\u00fablico diversificado e interessado em empreendedorismo feminino.<\/li>\n\n\n\n<li><strong>Fortalecimento da Marca e Autoridade no Mercado<\/strong>: Posicione-se como refer\u00eancia em seu nicho de mercado.<\/li>\n\n\n\n<li><strong>Gera\u00e7\u00e3o de Leads e Novas Oportunidades de Neg\u00f3cio<\/strong>: Atraia potenciais clientes e parceiros atrav\u00e9s de conte\u00fado relevante e de qualidade.<\/li>\n\n\n\n<li><strong>Networking e Conex\u00e3o com Outras Empreendedoras<\/strong>: Crie uma rede de apoio e colabora\u00e7\u00e3o com outras mulheres empreendedoras.<\/li>\n\n\n\n<li><strong>Inspira\u00e7\u00e3o e Empoderamento para Seguir em Frente<\/strong>: Inspire e empodere com suas hist\u00f3rias outras mulheres.<\/li>\n\n\n\n<li><strong>Apoio e Sororidade<\/strong>: Apoie um projeto dedicado \u00e0s mulheres empreendedoras.<\/li>\n<\/ul>\n\n\n\n<h4 class=\"wp-block-heading\">Como Participar<\/h4>\n\n\n\n<p>Empreendedoras interessadas em compartilhar suas hist\u00f3rias e fazer parte deste movimento podem se inscrever atrav\u00e9s do&nbsp; https:\/\/acesse.one\/queroparticipardohabla<\/p>\n\n\n\n<h4 class=\"wp-block-heading\">Junte-se ao &#8220;\u00a1Habla, Empreendedora!&#8221;<\/h4>\n\n\n\n<p>Acompanhe os epis\u00f3dios e inspire-se com as hist\u00f3rias de mulheres que est\u00e3o transformando o mundo dos neg\u00f3cios.<\/p>\n\n\n\n<ul class=\"wp-block-list\">\n<li><strong>Instagram<\/strong>:\u00a0 https:\/\/www.instagram.com\/hablaempreendedora\/<\/li>\n\n\n\n<li><strong>Spotify<\/strong>:\u00a0 https:\/\/acesse.one\/hablaempreendedora<\/li>\n\n\n\n<li><strong>YouTube<\/strong>: https:\/\/www.youtube.com\/@hablaempreendedora<\/li>\n<\/ul>\n\n\n\n<p>Para mais informa\u00e7\u00f5es, entre em contato:<\/p>\n\n\n\n<ul class=\"wp-block-list\">\n<li><strong>Email<\/strong>: hablaempreendedora@gmail.com<\/li>\n\n\n\n<li><strong>Telefone<\/strong>: (41) 99535-4920<\/li>\n<\/ul>\n\n\n\n<p>Juntas, elas prometem conquistar o mundo dos neg\u00f3cios! E quem duvida do poder de uma mulher com um microfone e uma hist\u00f3ria para contar? &#8220;O Habla Empreendedora \u00e9 mais do que um podcast, \u00e9 um levante de empoderamento feminino que est\u00e1 apenas come\u00e7ando&#8221;, finaliza Roberta, com a convic\u00e7\u00e3o de quem sabe que as vozes femininas est\u00e3o prontas para ecoar.<\/p>\n","protected":false},"excerpt":{"rendered":"<p>O cen\u00e1rio empreendedor feminino de Curitiba ganha um novo palco para suas vozes e hist\u00f3rias: o podcast &#8220;\u00a1Habla, Empreendedora!&#8221;, idealizado por Roberta da Trindade, empres\u00e1ria e especialista em gest\u00e3o de pessoas. Com o objetivo de democratizar o acesso \u00e0 produ\u00e7\u00e3o de conte\u00fado de qualidade, o podcast oferece \u00e0s empreendedoras a oportunidade de compartilhar suas jornadas, [&hellip;]<\/p>\n","protected":false},"author":1,"featured_media":2738,"comment_status":"open","ping_status":"open","sticky":false,"template":"","format":"standard","meta":{"footnotes":""},"categories":[434,29],"tags":[],"class_list":["post-2737","post","type-post","status-publish","format-standard","has-post-thumbnail","hentry","category-habla-empreendedora","category-artigos"],"_links":{"self":[{"href":"https:\/\/diarioparanaense.com\/index.php?rest_route=\/wp\/v2\/posts\/2737","targetHints":{"allow":["GET"]}}],"collection":[{"href":"https:\/\/diarioparanaense.com\/index.php?rest_route=\/wp\/v2\/posts"}],"about":[{"href":"https:\/\/diarioparanaense.com\/index.php?rest_route=\/wp\/v2\/types\/post"}],"author":[{"embeddable":true,"href":"https:\/\/diarioparanaense.com\/index.php?rest_route=\/wp\/v2\/users\/1"}],"replies":[{"embeddable":true,"href":"https:\/\/diarioparanaense.com\/index.php?rest_route=%2Fwp%2Fv2%2Fcomments&post=2737"}],"version-history":[{"count":1,"href":"https:\/\/diarioparanaense.com\/index.php?rest_route=\/wp\/v2\/posts\/2737\/revisions"}],"predecessor-version":[{"id":2739,"href":"https:\/\/diarioparanaense.com\/index.php?rest_route=\/wp\/v2\/posts\/2737\/revisions\/2739"}],"wp:featuredmedia":[{"embeddable":true,"href":"https:\/\/diarioparanaense.com\/index.php?rest_route=\/wp\/v2\/media\/2738"}],"wp:attachment":[{"href":"https:\/\/diarioparanaense.com\/index.php?rest_route=%2Fwp%2Fv2%2Fmedia&parent=2737"}],"wp:term":[{"taxonomy":"category","embeddable":true,"href":"https:\/\/diarioparanaense.com\/index.php?rest_route=%2Fwp%2Fv2%2Fcategories&post=2737"},{"taxonomy":"post_tag","embeddable":true,"href":"https:\/\/diarioparanaense.com\/index.php?rest_route=%2Fwp%2Fv2%2Ftags&post=2737"}],"curies":[{"name":"wp","href":"https:\/\/api.w.org\/{rel}","templated":true}]}}