{"id":2729,"date":"2024-06-07T14:33:52","date_gmt":"2024-06-07T17:33:52","guid":{"rendered":"https:\/\/diarioparanaense.com\/?p=2729"},"modified":"2024-06-07T14:33:53","modified_gmt":"2024-06-07T17:33:53","slug":"grupo-apolar-inaugura-2a-loja-em-pato-branco","status":"publish","type":"post","link":"https:\/\/diarioparanaense.com\/?p=2729","title":{"rendered":"Grupo Apolar inaugura 2\u00aa loja em Pato Branco"},"content":{"rendered":"\n<p class=\"has-medium-font-size\">Crescimento populacional estimula a expans\u00e3o do mercado imobili\u00e1rio e munic\u00edpio \u00e9 ponto de investimento no setor<\/p>\n\n\n\n<p>O Grupo Apolar, uma das maiores redes imobili\u00e1rias da Regi\u00e3o Sul, inaugura a segunda unidade em Pato Branco. A loja \u00e9 parte da estrat\u00e9gia de expans\u00e3o para atender exclusivamente os clientes de loca\u00e7\u00e3o, com o benef\u00edcio da localiza\u00e7\u00e3o mais pr\u00f3xima do centro da cidade. A primeira franquia da marca, em funcionamento h\u00e1 sete anos, ser\u00e1 agora focada na venda de im\u00f3veis.<\/p>\n\n\n\n<p>No \u00faltimo censo divulgado pelo Instituto Brasileiro de Geografia e Estat\u00edstica (IBGE), referente aos dados coletados em 2022, Pato Branco registrou uma popula\u00e7\u00e3o de 91.836 pessoas. O crescimento percentual em rela\u00e7\u00e3o ao Censo 2010 \u00e9 de 26,9%, um dado relevante em rela\u00e7\u00e3o ao aumento da popula\u00e7\u00e3o geral no Paran\u00e1, que foi de 9,56% no mesmo per\u00edodo.<\/p>\n\n\n\n<p>Com a movimenta\u00e7\u00e3o na economia do munic\u00edpio, o mercado imobili\u00e1rio tamb\u00e9m se transforma. Pelo potencial da cidade e o crescimento populacional, os terrenos e im\u00f3veis no local s\u00e3o valorizados tanto pelo p\u00fablico que busca uma moradia pr\u00f3pria, quanto por investidores de fora que querem apostar em im\u00f3veis residenciais e comerciais.<\/p>\n\n\n\n<p>\u201cNosso p\u00fablico aumentou nos \u00faltimos anos. Acredito que as universidades e a nossa qualidade na sa\u00fade atraem bastante gente de fora da cidade. Hoje, temos uma variedade muito grande de clientes. A demanda de loca\u00e7\u00e3o \u00e9 alta, mas tamb\u00e9m temos muitos compradores que buscam oportunidade de investimento\u201d, conta Elenice Aver, franqueada da Apolar Im\u00f3veis.<\/p>\n\n\n\n<p>Com o alto desempenho da primeira franquia, o faturamento alcan\u00e7ado e o aumento da produtividade, o marido de Elenice, Sidnei Cleberson Aver, tamb\u00e9m empres\u00e1rio, realizou um processo de convers\u00e3o de marca de um neg\u00f3cio j\u00e1 existente para explorar o mercado imobili\u00e1rio em Pato Branco. Hoje, ele \u00e9 s\u00f3cio da franquia de loca\u00e7\u00e3o na cidade.<\/p>\n\n\n\n<p>A unidade a ser inaugurada conta com espa\u00e7o amplo para receber o p\u00fablico e um estacionamento pr\u00f3prio para a comodidade dos visitantes. A expectativa \u00e9 de que a segunda loja viabilize o atendimento de mais clientes e, nos pr\u00f3ximos anos, dobre o faturamento da primeira franquia.<\/p>\n\n\n\n<p>Localizada na Rua Tocantins, n\u00famero 1474, na Baixada, a unidade est\u00e1 em funcionamento desde abril e \u00e9 parte do projeto de expans\u00e3o do Grupo Apolar, que acumula mais de 50 anos de experi\u00eancia no mercado. At\u00e9 o final de 2024, a marca deve chegar a 100 unidades espalhadas pelos estados do Paran\u00e1 e Santa Catarina.<\/p>\n\n\n\n<p><strong>Sobre a Apolar Im\u00f3veis<br><\/strong>Fundada em 1969 por Joseph Galiano, a Apolar Im\u00f3veis se tornou refer\u00eancia no mercado imobili\u00e1rio, ganhando dez vezes o pr\u00eamio ABF de franchising brasileiro pelo seu modelo de franquia e pelas suas inova\u00e7\u00f5es no segmento. S\u00e3o mais de 70 lojas espalhadas estrategicamente pelos estados do Paran\u00e1 e Santa Catarina, totalizando mais de 20 mil im\u00f3veis cadastrados, entre locados e dispon\u00edveis para vendas\u00a0e\u00a0loca\u00e7\u00e3o.<\/p>\n","protected":false},"excerpt":{"rendered":"<p>Crescimento populacional estimula a expans\u00e3o do mercado imobili\u00e1rio e munic\u00edpio \u00e9 ponto de investimento no setor O Grupo Apolar, uma das maiores redes imobili\u00e1rias da Regi\u00e3o Sul, inaugura a segunda unidade em Pato Branco. A loja \u00e9 parte da estrat\u00e9gia de expans\u00e3o para atender exclusivamente os clientes de loca\u00e7\u00e3o, com o benef\u00edcio da localiza\u00e7\u00e3o mais [&hellip;]<\/p>\n","protected":false},"author":1,"featured_media":2730,"comment_status":"open","ping_status":"open","sticky":false,"template":"","format":"standard","meta":{"footnotes":""},"categories":[324],"tags":[],"class_list":["post-2729","post","type-post","status-publish","format-standard","has-post-thumbnail","hentry","category-negocios"],"_links":{"self":[{"href":"https:\/\/diarioparanaense.com\/index.php?rest_route=\/wp\/v2\/posts\/2729","targetHints":{"allow":["GET"]}}],"collection":[{"href":"https:\/\/diarioparanaense.com\/index.php?rest_route=\/wp\/v2\/posts"}],"about":[{"href":"https:\/\/diarioparanaense.com\/index.php?rest_route=\/wp\/v2\/types\/post"}],"author":[{"embeddable":true,"href":"https:\/\/diarioparanaense.com\/index.php?rest_route=\/wp\/v2\/users\/1"}],"replies":[{"embeddable":true,"href":"https:\/\/diarioparanaense.com\/index.php?rest_route=%2Fwp%2Fv2%2Fcomments&post=2729"}],"version-history":[{"count":1,"href":"https:\/\/diarioparanaense.com\/index.php?rest_route=\/wp\/v2\/posts\/2729\/revisions"}],"predecessor-version":[{"id":2731,"href":"https:\/\/diarioparanaense.com\/index.php?rest_route=\/wp\/v2\/posts\/2729\/revisions\/2731"}],"wp:featuredmedia":[{"embeddable":true,"href":"https:\/\/diarioparanaense.com\/index.php?rest_route=\/wp\/v2\/media\/2730"}],"wp:attachment":[{"href":"https:\/\/diarioparanaense.com\/index.php?rest_route=%2Fwp%2Fv2%2Fmedia&parent=2729"}],"wp:term":[{"taxonomy":"category","embeddable":true,"href":"https:\/\/diarioparanaense.com\/index.php?rest_route=%2Fwp%2Fv2%2Fcategories&post=2729"},{"taxonomy":"post_tag","embeddable":true,"href":"https:\/\/diarioparanaense.com\/index.php?rest_route=%2Fwp%2Fv2%2Ftags&post=2729"}],"curies":[{"name":"wp","href":"https:\/\/api.w.org\/{rel}","templated":true}]}}