{"id":2723,"date":"2024-06-07T14:28:02","date_gmt":"2024-06-07T17:28:02","guid":{"rendered":"https:\/\/diarioparanaense.com\/?p=2723"},"modified":"2024-06-07T14:28:03","modified_gmt":"2024-06-07T17:28:03","slug":"dia-dos-namorados-celebrando-o-amor-em-todas-as-suas-formas","status":"publish","type":"post","link":"https:\/\/diarioparanaense.com\/?p=2723","title":{"rendered":"Dia dos Namorados: celebrando o amor em todas as suas formas"},"content":{"rendered":"\n<p class=\"has-medium-font-size\">O amor se manifesta da mesma raiz<\/p>\n\n\n\n<p>\u00c0 medida que o Dia dos Namorados se aproxima, os sentimentos em torno dessa data podem variar amplamente entre as pessoas. Para alguns, \u00e9 uma oportunidade de celebrar o amor e a conex\u00e3o com um parceiro; para outros, pode ser um lembrete doloroso de solid\u00e3o ou de um relacionamento que precisa de revitaliza\u00e7\u00e3o. &#8220;Como psic\u00f3logo, acredito que \u00e9 essencial abordar essas diversas experi\u00eancias de forma sens\u00edvel e inclusiva&#8221;, diz o especialista Luti Christ\u00f3foro que traz abaixo v\u00e1rias dicas de como se relacionar de forma mais saud\u00e1vel em cada uma das modalidades do amor.<\/p>\n\n\n\n<ul class=\"wp-block-list\">\n<li>Para Casais Apaixonados: Celebrando a Conex\u00e3o:<\/li>\n<\/ul>\n\n\n\n<p>Para os casais que est\u00e3o desfrutando de uma fase apaixonada e vibrante, o Dia dos Namorados \u00e9 uma oportunidade para aprofundar ainda mais essa conex\u00e3o. Celebrem as pequenas e grandes vit\u00f3rias do relacionamento. Criem momentos significativos juntos, seja atrav\u00e9s de um jantar rom\u00e2ntico, uma caminhada ao ar livre ou simplesmente uma conversa profunda e sincera. \u00c9 um momento para reconhecer e apreciar a presen\u00e7a um do outro, fortalecendo os la\u00e7os que os unem.<\/p>\n\n\n\n<ul class=\"wp-block-list\">\n<li>Para Casais que Precisam Resgatar o Romantismo: Redescobrindo o Amor<\/li>\n<\/ul>\n\n\n\n<p>Se o seu relacionamento est\u00e1 passando por um per\u00edodo de rotina ou distanciamento, o Dia dos Namorados pode servir como um ponto de virada. Resgatar o romantismo n\u00e3o precisa ser complicado; pequenas mudan\u00e7as podem fazer uma grande diferen\u00e7a. Relembrem o que os trouxe juntos inicialmente. Planejem uma noite diferente, revisitem mem\u00f3rias felizes e expressem gratid\u00e3o um pelo outro. A comunica\u00e7\u00e3o aberta e honesta \u00e9 crucial para reavivar a chama e reestabelecer a intimidade.<\/p>\n\n\n\n<ul class=\"wp-block-list\">\n<li>Para os Solteiros: Enxergando a Solitude como Oportunidade<\/li>\n<\/ul>\n\n\n\n<p>Para aqueles que est\u00e3o solteiros e sentem a solid\u00e3o pesar um pouco mais nesse per\u00edodo, \u00e9 importante lembrar que o amor n\u00e3o se limita a um parceiro rom\u00e2ntico. Este pode ser um momento valioso para investir em si mesmo, explorar novos hobbies, cultivar amizades e fortalecer os la\u00e7os familiares. A autoexplora\u00e7\u00e3o e o desenvolvimento pessoal podem trazer uma profunda sensa\u00e7\u00e3o de realiza\u00e7\u00e3o e felicidade. Lembre-se de que estar solteiro n\u00e3o \u00e9 sin\u00f4nimo de estar sozinho ou incompleto.<\/p>\n\n\n\n<ul class=\"wp-block-list\">\n<li>Para os Solteiros por Op\u00e7\u00e3o: Celebrando a Liberdade<\/li>\n<\/ul>\n\n\n\n<p>Para aqueles que optaram por estar solteiros, o Dia dos Namorados pode ser uma celebra\u00e7\u00e3o da autonomia e liberdade pessoal. Use este dia para fazer algo que voc\u00ea ama, sem precisar se preocupar com as expectativas de outra pessoa. \u00c9 uma oportunidade para celebrar o amor pr\u00f3prio e a capacidade de viver uma vida plena e satisfat\u00f3ria por conta pr\u00f3pria.<\/p>\n\n\n\n<p>O Dia dos Namorados \u00e9 uma data que pode ser celebrada de muitas maneiras, refletindo a diversidade das experi\u00eancias humanas. Se voc\u00ea est\u00e1 em um relacionamento apaixonado, procurando reacender o romance, navegando pela solid\u00e3o ou celebrando a escolha de estar solteiro, lembre-se de que o amor se manifesta de in\u00fameras formas. Celebre as conex\u00f5es que voc\u00ea tem, seja consigo mesmo, com amigos, familiares ou com um parceiro. Afinal, o amor \u00e9 a for\u00e7a que nos une e nos d\u00e1 prop\u00f3sito, independentemente de como ele se apresenta em nossas vidas.<\/p>\n\n\n\n<p>Luti Christ\u00f3foro<br>Psic\u00f3logo cl\u00ednico.<br>WhatsApp: (41) 99809-8887<br>Instagram: @luti_psicologo<br>e-mail: lutipsicologo@gmail.com<\/p>\n","protected":false},"excerpt":{"rendered":"<p>O amor se manifesta da mesma raiz \u00c0 medida que o Dia dos Namorados se aproxima, os sentimentos em torno dessa data podem variar amplamente entre as pessoas. Para alguns, \u00e9 uma oportunidade de celebrar o amor e a conex\u00e3o com um parceiro; para outros, pode ser um lembrete doloroso de solid\u00e3o ou de um [&hellip;]<\/p>\n","protected":false},"author":1,"featured_media":2725,"comment_status":"open","ping_status":"open","sticky":false,"template":"","format":"standard","meta":{"footnotes":""},"categories":[186],"tags":[],"class_list":["post-2723","post","type-post","status-publish","format-standard","has-post-thumbnail","hentry","category-eventos"],"_links":{"self":[{"href":"https:\/\/diarioparanaense.com\/index.php?rest_route=\/wp\/v2\/posts\/2723","targetHints":{"allow":["GET"]}}],"collection":[{"href":"https:\/\/diarioparanaense.com\/index.php?rest_route=\/wp\/v2\/posts"}],"about":[{"href":"https:\/\/diarioparanaense.com\/index.php?rest_route=\/wp\/v2\/types\/post"}],"author":[{"embeddable":true,"href":"https:\/\/diarioparanaense.com\/index.php?rest_route=\/wp\/v2\/users\/1"}],"replies":[{"embeddable":true,"href":"https:\/\/diarioparanaense.com\/index.php?rest_route=%2Fwp%2Fv2%2Fcomments&post=2723"}],"version-history":[{"count":1,"href":"https:\/\/diarioparanaense.com\/index.php?rest_route=\/wp\/v2\/posts\/2723\/revisions"}],"predecessor-version":[{"id":2726,"href":"https:\/\/diarioparanaense.com\/index.php?rest_route=\/wp\/v2\/posts\/2723\/revisions\/2726"}],"wp:featuredmedia":[{"embeddable":true,"href":"https:\/\/diarioparanaense.com\/index.php?rest_route=\/wp\/v2\/media\/2725"}],"wp:attachment":[{"href":"https:\/\/diarioparanaense.com\/index.php?rest_route=%2Fwp%2Fv2%2Fmedia&parent=2723"}],"wp:term":[{"taxonomy":"category","embeddable":true,"href":"https:\/\/diarioparanaense.com\/index.php?rest_route=%2Fwp%2Fv2%2Fcategories&post=2723"},{"taxonomy":"post_tag","embeddable":true,"href":"https:\/\/diarioparanaense.com\/index.php?rest_route=%2Fwp%2Fv2%2Ftags&post=2723"}],"curies":[{"name":"wp","href":"https:\/\/api.w.org\/{rel}","templated":true}]}}