{"id":2717,"date":"2024-06-06T16:05:00","date_gmt":"2024-06-06T19:05:00","guid":{"rendered":"https:\/\/diarioparanaense.com\/?p=2717"},"modified":"2024-06-06T16:05:01","modified_gmt":"2024-06-06T19:05:01","slug":"hugo-henrique-lanca-videoclipe-de-dona-de-mel-parceria-com-lauana-prado","status":"publish","type":"post","link":"https:\/\/diarioparanaense.com\/?p=2717","title":{"rendered":"Hugo Henrique lan\u00e7a videoclipe de \u201cDona de Mel\u201d, parceria com Lauana Prado"},"content":{"rendered":"\n<p class=\"has-medium-font-size\">Clipe foi gravado em Divin\u00f3polis, Minas Gerais, durante a DivinaExpo e est\u00e1 dispon\u00edvel no YouTube<\/p>\n\n\n\n<p>Exatamente 1 ano ap\u00f3s a grava\u00e7\u00e3o do projeto audiovisual \u201cV\u00e3o Falar Que Foi Sorte\u201d, o cantor e compositor Hugo Henrique lan\u00e7a nesta quinta-feira (06) com Lauana Prado a \u00faltima faixa do DVD, \u201cDona do Mel\u201d, que ela participou de forma deluxe, dando um tom especial ao projeto. O videoclipe est\u00e1 dispon\u00edvel no canal oficial do artista no YouTube.<\/p>\n\n\n\n<p>O v\u00eddeo oficial da m\u00fasica foi gravado na DivinaExpo, em Divin\u00f3polis (Minas Gerais), com um p\u00fablico de aproximadamente 40 mil pessoas. A produ\u00e7\u00e3o e dire\u00e7\u00e3o do registro audiovisual ficou a cargo de Bruno Fioravanti. \u201cFoi uma noite muito especial! O p\u00fablico estava super animado e foi incr\u00edvel dividir o palco com a Lauana para esta grava\u00e7\u00e3o\u201d, comenta Hugo Henrique.<\/p>\n\n\n\n<p>Escrita por Hugo ao lado de Aya e Felipe Viana, a faixa conta com um refr\u00e3o chiclete e batidas que fazem a m\u00fasica se tornar ainda mais marcante. \u201cSabe aquela m\u00fasica que voc\u00ea escuta pela primeira vez e ela j\u00e1 fica na cabe\u00e7a? \u2018Dona do Mel\u2019 \u00e9 uma delas e o processo de composi\u00e7\u00e3o foi \u00fanico, constru\u00edmos a narrativa de uma maneira r\u00e1pida e flu\u00edda\u201d, comenta Hugo Henrique.<br>&#8220;Fiquei muito feliz com o convite, o Hugo \u00e9 muito talentoso e foi uma honra gravar \u201cDona do Mel\u201d uma parceria incr\u00edvel! Essa moda vem com tudo, pra fazer o \u2018pau cair da f\u00f4ia\u2019. Voc\u00eas v\u00e3o amar\u201d, comenta Lauana Prado.<\/p>\n\n\n\n<p>Com uma letra mais madura, a faixa fala sobre um amor que nasceu em um quarto de motel. \u201cAqui vale tudo, menos ser fiel\/Sentiu o gostinho do doce e t\u00e1 achando que \u00e9 dona do mel\u201d, canta o m\u00fasico no refr\u00e3o.<br>Este single chega para finalizar a divulga\u00e7\u00e3o do projeto audiovisual \u201cV\u00e3o Falar Que Foi Sorte\u201d, gravado pelo artista no ano passado e lan\u00e7ado recentemente. O projeto contou com a participa\u00e7\u00e3o de Gustavo Mioto, Jorge &amp; Mateus&nbsp;e&nbsp;Luan&nbsp;Pereira.<\/p>\n","protected":false},"excerpt":{"rendered":"<p>Clipe foi gravado em Divin\u00f3polis, Minas Gerais, durante a DivinaExpo e est\u00e1 dispon\u00edvel no YouTube Exatamente 1 ano ap\u00f3s a grava\u00e7\u00e3o do projeto audiovisual \u201cV\u00e3o Falar Que Foi Sorte\u201d, o cantor e compositor Hugo Henrique lan\u00e7a nesta quinta-feira (06) com Lauana Prado a \u00faltima faixa do DVD, \u201cDona do Mel\u201d, que ela participou de forma [&hellip;]<\/p>\n","protected":false},"author":1,"featured_media":2718,"comment_status":"open","ping_status":"open","sticky":false,"template":"","format":"standard","meta":{"footnotes":""},"categories":[27],"tags":[],"class_list":["post-2717","post","type-post","status-publish","format-standard","has-post-thumbnail","hentry","category-musica"],"_links":{"self":[{"href":"https:\/\/diarioparanaense.com\/index.php?rest_route=\/wp\/v2\/posts\/2717","targetHints":{"allow":["GET"]}}],"collection":[{"href":"https:\/\/diarioparanaense.com\/index.php?rest_route=\/wp\/v2\/posts"}],"about":[{"href":"https:\/\/diarioparanaense.com\/index.php?rest_route=\/wp\/v2\/types\/post"}],"author":[{"embeddable":true,"href":"https:\/\/diarioparanaense.com\/index.php?rest_route=\/wp\/v2\/users\/1"}],"replies":[{"embeddable":true,"href":"https:\/\/diarioparanaense.com\/index.php?rest_route=%2Fwp%2Fv2%2Fcomments&post=2717"}],"version-history":[{"count":1,"href":"https:\/\/diarioparanaense.com\/index.php?rest_route=\/wp\/v2\/posts\/2717\/revisions"}],"predecessor-version":[{"id":2719,"href":"https:\/\/diarioparanaense.com\/index.php?rest_route=\/wp\/v2\/posts\/2717\/revisions\/2719"}],"wp:featuredmedia":[{"embeddable":true,"href":"https:\/\/diarioparanaense.com\/index.php?rest_route=\/wp\/v2\/media\/2718"}],"wp:attachment":[{"href":"https:\/\/diarioparanaense.com\/index.php?rest_route=%2Fwp%2Fv2%2Fmedia&parent=2717"}],"wp:term":[{"taxonomy":"category","embeddable":true,"href":"https:\/\/diarioparanaense.com\/index.php?rest_route=%2Fwp%2Fv2%2Fcategories&post=2717"},{"taxonomy":"post_tag","embeddable":true,"href":"https:\/\/diarioparanaense.com\/index.php?rest_route=%2Fwp%2Fv2%2Ftags&post=2717"}],"curies":[{"name":"wp","href":"https:\/\/api.w.org\/{rel}","templated":true}]}}