{"id":2714,"date":"2024-06-06T15:53:22","date_gmt":"2024-06-06T18:53:22","guid":{"rendered":"https:\/\/diarioparanaense.com\/?p=2714"},"modified":"2024-06-06T15:53:23","modified_gmt":"2024-06-06T18:53:23","slug":"kauan-calazans-lanca-o-primeiro-album-solo-inicio-depois-do-fim","status":"publish","type":"post","link":"https:\/\/diarioparanaense.com\/?p=2714","title":{"rendered":"Kauan Calazans lan\u00e7a o primeiro \u00e1lbum solo, In\u00edcio Depois do Fim&#8217;"},"content":{"rendered":"\n<p><strong>Ou\u00e7a aqui \u2018In\u00edcio Depois do Fim&#8217;<\/strong><\/p>\n\n\n\n<p><a href=\"https:\/\/links.altafonte.com\/KC_IDDF\">https:\/\/links.altafonte.com\/KC_IDDF<\/a><\/p>\n\n\n\n<p>O m\u00fasico carioca Kauan Calazans, com 15 anos de estrada e muitos deles com a sua ex-banda, Folks, acaba de lan\u00e7ar seu primeiro disco solo, In\u00edcio Depois do Fim&#8217;, em que ele experimenta sonoridades dentro e fora do rock brasileiro e compartilha m\u00fasicas sobre dores, esperan\u00e7a, recome\u00e7os e alegrias.<\/p>\n\n\n\n<p>&#8216;In\u00edcio Depois do Fim&#8217; chega \u00e0s plataformas de streaming pelo selo Toca Discos: <a href=\"https:\/\/links.altafonte.com\/KC_IDDF\">https:\/\/links.altafonte.com\/KC_IDDF<\/a>.<\/p>\n\n\n\n<p>Kauan Calazans, com 15 anos de estrada, compartilha boas energias e for\u00e7a de vontade por meio de sua arte. Ele busca inspira\u00e7\u00e3o para seguir em frente; al\u00e7a a motiva\u00e7\u00e3o em si mesmo em prol equil\u00edbrio entre o corpo e a mente, transformando tudo em m\u00fasica.<\/p>\n\n\n\n<p>&#8216;In\u00edcio Depois do Fim&#8217; \u00e9 uma cole\u00e7\u00e3o de m\u00fasicas produzidas no est\u00fadio Toca do Bandido, no Rio de Janeiro, sob os cuidados do produtor Felipe Rodarte. S\u00e3o muitas faixas com uma energia solar, com uma \u00edmpar intensidade tanto na parte sonora quanto l\u00edrica. Uma marca registrada de Calazans desde o Folks.<\/p>\n\n\n\n<p>&#8220;\u00c9 um al\u00edvio colocar essas m\u00fasicas no mundo, muitas delas que eu fiz na pandemia. Sentia minha vida travada e estas can\u00e7\u00f5es extravasam, mostram autoconhecimento e espero que as pessoas se conectem com ela de forma universal. Que de alguma forma, entendemos todos que existe um in\u00edcio depois do fim&#8221;, ele conta.<\/p>\n\n\n\n<p>A brasilidade no rock n roll \u00e9 uma busca pessoal de Calazans que come\u00e7a aqui neste disco, que tamb\u00e9m vez ou outra conversa at\u00e9 com o reggae e com o blues. &#8220;Tem muita gente comigo, fortalecendo, energizando um sonho. S\u00f3 vale a pena se a m\u00fasica tocar o cora\u00e7\u00e3o das pessoas com essa mistura do groove com ritmos que as pessoas possam dan\u00e7ar&#8221;.<\/p>\n\n\n\n<p>&#8216;In\u00edcio Depois do Fim&#8217; \u00e9, antes de tudo, um passo seguro de Calazans no universo da m\u00fasica, a mentaliza\u00e7\u00e3o da positividade e de cabe\u00e7a erguida para o devir.<\/p>\n\n\n\n<p class=\"has-medium-font-size\">O artista<\/p>\n\n\n\n<p>Kauan Calazans, m\u00fasico carioca com mais de 15 anos de estrada, \u00e9 ex-vocalista da banda Linear (com Ruxell) e Folks, esta \u00faltima que participou de grandes festivais, como Rock in Rio, SXSW (o que rendeu uma tour nos EUA) e Festival Sui\u00e7a Bahiana, al\u00e9m de dividir palco com grandes artistas como The Kooks, Marky Ramone, Iggy Pop, The Cult, O Rappa, Frejat entre outros.<\/p>\n\n\n\n<p>Kauan est\u00e1 prestes a lan\u00e7ar o primeiro \u00e1lbum solo, In\u00edcio Depois do Fim. O primeiro single desta fase foi &#8216;Lib\u00e9lula&#8217;, seguido de &#8216;Mentalize (Vem Coisa Boa)&#8217;, &#8216;Seja Como For&#8217;, &#8216;In\u00edcio Depois do Fim&#8217; e &#8216;At\u00e9 Onde eu Sei&#8217;.<\/p>\n\n\n\n<p>Kauan Calazans nas redes<\/p>\n\n\n\n<p><a href=\"https:\/\/www.instagram.com\/kauancalazans\">https:\/\/www.instagram.com\/kauancalazans<\/a><\/p>\n","protected":false},"excerpt":{"rendered":"<p>Ou\u00e7a aqui \u2018In\u00edcio Depois do Fim&#8217; https:\/\/links.altafonte.com\/KC_IDDF O m\u00fasico carioca Kauan Calazans, com 15 anos de estrada e muitos deles com a sua ex-banda, Folks, acaba de lan\u00e7ar seu primeiro disco solo, In\u00edcio Depois do Fim&#8217;, em que ele experimenta sonoridades dentro e fora do rock brasileiro e compartilha m\u00fasicas sobre dores, esperan\u00e7a, recome\u00e7os e [&hellip;]<\/p>\n","protected":false},"author":1,"featured_media":2715,"comment_status":"open","ping_status":"open","sticky":false,"template":"","format":"standard","meta":{"footnotes":""},"categories":[27],"tags":[],"class_list":["post-2714","post","type-post","status-publish","format-standard","has-post-thumbnail","hentry","category-musica"],"_links":{"self":[{"href":"https:\/\/diarioparanaense.com\/index.php?rest_route=\/wp\/v2\/posts\/2714","targetHints":{"allow":["GET"]}}],"collection":[{"href":"https:\/\/diarioparanaense.com\/index.php?rest_route=\/wp\/v2\/posts"}],"about":[{"href":"https:\/\/diarioparanaense.com\/index.php?rest_route=\/wp\/v2\/types\/post"}],"author":[{"embeddable":true,"href":"https:\/\/diarioparanaense.com\/index.php?rest_route=\/wp\/v2\/users\/1"}],"replies":[{"embeddable":true,"href":"https:\/\/diarioparanaense.com\/index.php?rest_route=%2Fwp%2Fv2%2Fcomments&post=2714"}],"version-history":[{"count":1,"href":"https:\/\/diarioparanaense.com\/index.php?rest_route=\/wp\/v2\/posts\/2714\/revisions"}],"predecessor-version":[{"id":2716,"href":"https:\/\/diarioparanaense.com\/index.php?rest_route=\/wp\/v2\/posts\/2714\/revisions\/2716"}],"wp:featuredmedia":[{"embeddable":true,"href":"https:\/\/diarioparanaense.com\/index.php?rest_route=\/wp\/v2\/media\/2715"}],"wp:attachment":[{"href":"https:\/\/diarioparanaense.com\/index.php?rest_route=%2Fwp%2Fv2%2Fmedia&parent=2714"}],"wp:term":[{"taxonomy":"category","embeddable":true,"href":"https:\/\/diarioparanaense.com\/index.php?rest_route=%2Fwp%2Fv2%2Fcategories&post=2714"},{"taxonomy":"post_tag","embeddable":true,"href":"https:\/\/diarioparanaense.com\/index.php?rest_route=%2Fwp%2Fv2%2Ftags&post=2714"}],"curies":[{"name":"wp","href":"https:\/\/api.w.org\/{rel}","templated":true}]}}