{"id":2707,"date":"2024-06-05T11:39:47","date_gmt":"2024-06-05T14:39:47","guid":{"rendered":"https:\/\/diarioparanaense.com\/?p=2707"},"modified":"2024-06-05T11:39:47","modified_gmt":"2024-06-05T14:39:47","slug":"bukassa-lanca-brilho-da-noite-esta-no-elenco-da-proxima-novela-das-21h-e-em-serie-da-globoplay","status":"publish","type":"post","link":"https:\/\/diarioparanaense.com\/?p=2707","title":{"rendered":"BUKASSA LAN\u00c7A \u201cBRILHO DA NOITE\u201d, EST\u00c1 NO ELENCO DA PROXIMA NOVELA DAS 21H E EM S\u00c9RIE DA GLOBOPLAY"},"content":{"rendered":"\n<p><strong>Ouca aqui \u201cBrilho da&nbsp; Noite\u201d<\/strong><\/p>\n\n\n\n<p><a href=\"https:\/\/bfan.link\/brilho-da-noite\">https:\/\/bfan.link\/brilho-da-noite<\/a><\/p>\n\n\n\n<p><strong>Assista aqui o clipe de \u201cBrilho da&nbsp; Noite\u201d<\/strong><\/p>\n\n\n\n<figure class=\"wp-block-embed is-type-video is-provider-youtube wp-block-embed-youtube wp-embed-aspect-16-9 wp-has-aspect-ratio\"><div class=\"wp-block-embed__wrapper\">\n<iframe loading=\"lazy\" title=\"Brilho da Noite - Bukassa feat. Baioky | Official Music Video\" width=\"696\" height=\"392\" src=\"https:\/\/www.youtube.com\/embed\/Jbw1hVyhlv0?feature=oembed\" frameborder=\"0\" allow=\"accelerometer; autoplay; clipboard-write; encrypted-media; gyroscope; picture-in-picture; web-share\" referrerpolicy=\"strict-origin-when-cross-origin\" allowfullscreen><\/iframe>\n<\/div><\/figure>\n\n\n\n<p>Depois de longo circuito nas artes c\u00eanicas, Bukassa volta triunfante para a m\u00fasica de onde nunca saiu. No dia 28 de maio ele lan\u00e7a a m\u00fasica e o clipe de \u2018Brilho da noite\u2019, que est\u00e3o sendo distribu\u00eddos pelo selo independente Templo Musik juntamente com a agregadora Believe Music.<\/p>\n\n\n\n<p>\u201cBrilho da Noite\u201d foi criada em uma noitada bo\u00eamia onde os amigos bukassa e baioky&nbsp; falaram sobre viver a vida, o presente , de forma integral , de maneira a n\u00e3o dissipar ou perder energia, mas ganhar for\u00e7a para cantar de forma otimista a vida!<\/p>\n\n\n\n<p>Al\u00e9m disso, Bukassa Kabengele est\u00e1 no elenco da pr\u00f3xima novela das 21:00 de Jo\u00e3o Emanuel Carneiro, \u201cMania de voc\u00ea\u201d, e na s\u00e9rie da Globoplay, com tem estreia prevista para junho, \u201co Jogo quemudou a hist\u00f3ria\u201d. Inspirada em fatos reais, a s\u00e9rie retrata o surgimento das fac\u00e7oes do narcotr\u00e1fico no Rio de Janeiro nos anos 70.<\/p>\n\n\n\n<p><strong>Trajet\u00f3ria<\/strong><\/p>\n\n\n\n<p>Nasceu na B\u00e9lgica, morou no Congo vindo para o Brasil aos dez anos de idade acompanhando seu pai e quatro irm\u00e3os, ficando um ano e meio em Natal e, em seguida, a fam\u00edlia veio para S\u00e3o Paulo.<\/p>\n\n\n\n<p>Conhecido por participa\u00e7\u00f5es em s\u00e9ries, novelas e filmes, Bukassa se dedica ainda a uma carreira musical de mais de 25 anos, tendo acompanhado Marisa Monte e Elba Ramalho em turn\u00eas internacionais.<\/p>\n\n\n\n<p>Sempre teve como refer\u00eancia mestres como Gilberto Gil, Tim Maia, Michael Jackson, Steve Wonder e Cassiano .<\/p>\n\n\n\n<p>Participou da&nbsp; banda Skowa M\u00e1fia&nbsp; (d\u00e9cada de 90).&nbsp; Skowa foi um grupo paulistano de Pop Funk com fortes influ\u00eancias dos g\u00eaneros da di\u00e1spora africana, mais especificamente da Black Music.<\/p>\n\n\n\n<p>Em 2000 lan\u00e7ou seu 1\u00ba CD autoral \u201cQuero Viver\u201d, estimulado pela amiga Jane Duboc. Em 2005, recebeu convite do franc\u00eas Daniel Bangalter, pai de Thomas Bangalter, um dos fundadores da dupla de m\u00fasica eletr\u00f4nica Daft Punk para lan\u00e7ar um CD no ver\u00e3o franc\u00eas. Neste CD a m\u00fasica \u201cMutoto\u201d, foi sucesso absoluto e uniu-se a uma s\u00e9rie de outras composi\u00e7\u00f5es, resultando no CD hom\u00f4nimo. Este \u00e1lbum foi lan\u00e7ado pela EMI-Odeon francesa e em seis meses vendeu mais de 200 mil c\u00f3pias.<\/p>\n\n\n\n<p>A partir de 2005 desenvolveu diversos trabalhos em parceria com v\u00e1rios artistas, sendo mais relevantes as parcerias com Marcelo Yuka , Lehart e Baioky, dentre outros.<\/p>\n\n\n\n<p>Com Marcelo Yuka formou a banda Entidade participando do \u00faltimo CD dele lan\u00e7ado pela Sony Music. .Este \u00e1lbum infelizmente n\u00e3o foi conhecido pelo p\u00fablico devido a morte inesperada de&nbsp; Yuka. Com Leandro Lehart participou de alguns trabalhos, tendo destaque a adapta\u00e7\u00e3o da can\u00e7\u00e3o Mutoto.<\/p>\n\n\n\n<p>Ao longo dos \u00faltimos anos Bukassa vem realizando v\u00e1rias parcerias e novas composi\u00e7\u00f5es com o m\u00fasico Baioky, sendo destaque as m\u00fasicas \u2018Alto astral\u2019, \u2018Hey man\u2019, e a mais recente \u2018Brilho da noite\u2019. &nbsp;Bukassa teve momentos m\u00e1gicos na sua trajet\u00f3ria musical como o encontro com Tim Maia, jam session com George Benson e dividir apresenta\u00e7\u00e3o com Billy Paul na sua \u00faltima passagem pelo Brasil em 2018. Na ocasi\u00e3o Billy se impressionou com a tessitura vocal de Bukassa, e tornaram-se amigos.<\/p>\n\n\n\n<p>Bukassa esbanja talento nas artes em geral seja desenhando, encenando, criando, compondo, tocando ou cantando.<\/p>\n\n\n\n<p>No cinema ele ganhou o pr\u00eamio de melhor ator do festival de San Sebastian, na Espanha (2019). O filme brasileiro \u2018Pacificado\u2019, sobre a disputa de poder dentro de um grupo criminoso que controla uma favela do Rio de Janeiro, ganhou a Concha de Ouro de melhor filme no Festival de San Sebasti\u00e1n. E n\u00e3o foi s\u00f3 isso, Bukassa Kabengele, brasileiro de origem belga, foi eleito o melhor ator por sua atua\u00e7\u00e3o neste filme.<\/p>\n","protected":false},"excerpt":{"rendered":"<p>Ouca aqui \u201cBrilho da&nbsp; Noite\u201d https:\/\/bfan.link\/brilho-da-noite Assista aqui o clipe de \u201cBrilho da&nbsp; Noite\u201d Depois de longo circuito nas artes c\u00eanicas, Bukassa volta triunfante para a m\u00fasica de onde nunca saiu. No dia 28 de maio ele lan\u00e7a a m\u00fasica e o clipe de \u2018Brilho da noite\u2019, que est\u00e3o sendo distribu\u00eddos pelo selo independente Templo [&hellip;]<\/p>\n","protected":false},"author":1,"featured_media":2708,"comment_status":"open","ping_status":"open","sticky":false,"template":"","format":"standard","meta":{"footnotes":""},"categories":[27],"tags":[],"class_list":["post-2707","post","type-post","status-publish","format-standard","has-post-thumbnail","hentry","category-musica"],"_links":{"self":[{"href":"https:\/\/diarioparanaense.com\/index.php?rest_route=\/wp\/v2\/posts\/2707","targetHints":{"allow":["GET"]}}],"collection":[{"href":"https:\/\/diarioparanaense.com\/index.php?rest_route=\/wp\/v2\/posts"}],"about":[{"href":"https:\/\/diarioparanaense.com\/index.php?rest_route=\/wp\/v2\/types\/post"}],"author":[{"embeddable":true,"href":"https:\/\/diarioparanaense.com\/index.php?rest_route=\/wp\/v2\/users\/1"}],"replies":[{"embeddable":true,"href":"https:\/\/diarioparanaense.com\/index.php?rest_route=%2Fwp%2Fv2%2Fcomments&post=2707"}],"version-history":[{"count":1,"href":"https:\/\/diarioparanaense.com\/index.php?rest_route=\/wp\/v2\/posts\/2707\/revisions"}],"predecessor-version":[{"id":2709,"href":"https:\/\/diarioparanaense.com\/index.php?rest_route=\/wp\/v2\/posts\/2707\/revisions\/2709"}],"wp:featuredmedia":[{"embeddable":true,"href":"https:\/\/diarioparanaense.com\/index.php?rest_route=\/wp\/v2\/media\/2708"}],"wp:attachment":[{"href":"https:\/\/diarioparanaense.com\/index.php?rest_route=%2Fwp%2Fv2%2Fmedia&parent=2707"}],"wp:term":[{"taxonomy":"category","embeddable":true,"href":"https:\/\/diarioparanaense.com\/index.php?rest_route=%2Fwp%2Fv2%2Fcategories&post=2707"},{"taxonomy":"post_tag","embeddable":true,"href":"https:\/\/diarioparanaense.com\/index.php?rest_route=%2Fwp%2Fv2%2Ftags&post=2707"}],"curies":[{"name":"wp","href":"https:\/\/api.w.org\/{rel}","templated":true}]}}