{"id":2700,"date":"2024-06-04T11:36:39","date_gmt":"2024-06-04T14:36:39","guid":{"rendered":"https:\/\/diarioparanaense.com\/?p=2700"},"modified":"2024-06-04T11:38:04","modified_gmt":"2024-06-04T14:38:04","slug":"da-um-pop-pringles-e-xand-aviao-se-unem-para-as-festas-de-sao-joao-com-musica-inedita","status":"publish","type":"post","link":"https:\/\/diarioparanaense.com\/?p=2700","title":{"rendered":"\u201cD\u00e1 um Pop\u201d: Pringles\u00ae e Xand Avi\u00e3o se unem para as festas de S\u00e3o Jo\u00e3o com m\u00fasica in\u00e9dita"},"content":{"rendered":"\n<p><em>Can\u00e7\u00e3o estar\u00e1 dispon\u00edvel a partir de 4 de junho nas principais plataformas de streaming.<\/em><\/p>\n\n\n\n<p>Conhecida globalmente pela ic\u00f4nica lata vermelha, Pringles\u00ae, marca de&nbsp;<em>snacks<\/em>&nbsp;de batatas da Kellanova (ex-Kellogg), lan\u00e7a m\u00fasica in\u00e9dita com o cantor Xand Avi\u00e3o para celebrar a temporada das animadas festas de S\u00e3o Jo\u00e3o, comemorada em todo o nordeste brasileiro. A a\u00e7\u00e3o est\u00e1 conectada com a estrat\u00e9gia de expans\u00e3o comercial de Pringles\u00ae na regi\u00e3o, anunciada no \u00faltimo m\u00eas. O nome da can\u00e7\u00e3o \u201cD\u00e1 um Pop\u201d, refor\u00e7a os pilares de originalidade e autenticidade da marca, que foi a pioneira no segmento de batatas perfeitamente empilhadas na lata. A campanha criativa foi desenvolvida pela ag\u00eancia Media.Monks.<\/p>\n\n\n\n<p>A regi\u00e3o Nordeste passa a ser parte fundamental para a consolida\u00e7\u00e3o de Pringles\u00ae no mercado nacional. Nesse contexto, com o objetivo de garantir ainda mais originalidade em suas comunica\u00e7\u00f5es com diferentes comunidades e p\u00fablicos, a marca se une ao cantor e compositor Xand Avi\u00e3o, um dos ex-vocalistas da banda Avi\u00f5es do Forr\u00f3 (2002-2018). \u201cCada sabor uma sensa\u00e7\u00e3o, um\u00a0<em>pop<\/em>\u00a0com emo\u00e7\u00e3o\u201d, refor\u00e7a o verso na voz de Xand, em refer\u00eancia ao som que a lata de Pringles\u00ae emite ao ser aberta. A letra cocriada pelo artista tamb\u00e9m remete \u00e0 originalidade da marca, independentemente do sabor, seja Original, Creme e Cebola, Queijo, Churrasco ou Cheddar &amp; Bacon, \u201cEla n\u00e3o tem igual, Pringles\u00ae, a original\u201d, canta Xand na faixa de forr\u00f3.<\/p>\n\n\n\n<figure class=\"wp-block-embed is-type-video is-provider-youtube wp-block-embed-youtube wp-embed-aspect-16-9 wp-has-aspect-ratio\"><div class=\"wp-block-embed__wrapper\">\n<iframe loading=\"lazy\" title=\"D\u00ea um POP no seu S\u00e3o Jo\u00e3o\" width=\"696\" height=\"392\" src=\"https:\/\/www.youtube.com\/embed\/UOguvB8zl1M?feature=oembed\" frameborder=\"0\" allow=\"accelerometer; autoplay; clipboard-write; encrypted-media; gyroscope; picture-in-picture; web-share\" referrerpolicy=\"strict-origin-when-cross-origin\" allowfullscreen><\/iframe>\n<\/div><\/figure>\n\n\n\n<p>O&nbsp;<em>hit<\/em>&nbsp;de Xand Avi\u00e3o \u201cD\u00e1 um Pop\u201d \u00e9 uma das iniciativas da campanha \u201cD\u00ea um POP no seu S\u00e3o Jo\u00e3o\u201d, de Pringles\u00ae. A comunica\u00e7\u00e3o tem como principal mensagem mostrar que despertar o lado original \u00e9 uma das formas mais leves e interessantes de levar a vida. \u201cGerar conex\u00f5es genu\u00ednas com diferentes comunidades sempre foi um dos grandes diferenciais de Pringles\u00ae. Acreditamos que iniciar esta aproxima\u00e7\u00e3o com os consumidores do Nordeste por meio das festas de S\u00e3o Jo\u00e3o, conhecidas por sua originalidade e autenticidade, \u00e9 algo que somente Pringles\u00ae poderia fazer\u201d, pontua \u00c2ngela Pozenato Viana, gerente s\u00eanior de&nbsp;<em>marketing&nbsp;<\/em>da Kellanova.<\/p>\n\n\n\n<p>\u201cA escolha de Xand Avi\u00e3o n\u00e3o foi por acaso. Ao longo do processo criativo, ele se envolveu com o time de trabalho e com a hist\u00f3ria que constru\u00edmos, se tornando um parceiro que legitima a nossa campanha. Ele foi o artista que deu um verdadeiro&nbsp;<em>pop&nbsp;<\/em>no forr\u00f3 eletr\u00f4nico da regi\u00e3o\u201d, completa Bruno Rocha, Diretor de Comunica\u00e7\u00e3o de Marcas da Kellanova para a Am\u00e9rica Latina.<\/p>\n\n\n\n<p>De acordo com \u00cdcaro de Abreu, diretor executivo de cria\u00e7\u00e3o da Media.Monks, trabalhar com Xand Avi\u00e3o em uma campanha criada para fortalecer a presen\u00e7a de Pringles\u00ae no Nordeste foi um momento especial. \u201cEstamos felizes com este processo criativo, em que destacamos a cultura popular do S\u00e3o Jo\u00e3o apresentando um verdadeiro&nbsp;<em>hit<\/em>&nbsp;musical que ser\u00e1 impulsionado por diversos influenciadores locais\u201d.<\/p>\n\n\n\n<p>As iniciativas de Pringles\u00ae durante as festividades de S\u00e3o Jo\u00e3o tamb\u00e9m contam com a\u00e7\u00f5es em m\u00eddia OOH com QR code para acesso \u00e0 m\u00fasica. Al\u00e9m disso, haver\u00e1 colabora\u00e7\u00e3o&nbsp;<em>branded mission<\/em>&nbsp;no TikTok,&nbsp;<em>squad<\/em>&nbsp;de influenciadores da marca que ir\u00e3o acompanhar e compartilhar os melhores momentos das festividades. A m\u00fasica \u201cD\u00e1 um POP\u201d, interpretada por Xand Avi\u00e3o, estar\u00e1 dispon\u00edvel a partir de 4 de junho nas principais plataformas de<em>&nbsp;streaming<\/em>.<\/p>\n\n\n\n<p><strong>Ficha t\u00e9cnica:<\/strong><\/p>\n\n\n\n<p>Managing Director: Marina Pires<\/p>\n\n\n\n<p>Diretora de Grupo de Contas: Isabella Dell&#8217; Antonia<\/p>\n\n\n\n<p>Account Director: Julia Toledo<\/p>\n\n\n\n<p>Account team: Larissa Geres, Giulia Bressane e Stephanie Humel<\/p>\n\n\n\n<p>Executive Creative Director: \u00cdcaro Abreu<\/p>\n\n\n\n<p>Group Creative Director: Paulo Asano e Alessandra Muccillo<\/p>\n\n\n\n<p>Diretora de Cria\u00e7\u00e3o: Melissa Castagnari<\/p>\n\n\n\n<p>Equipe de cria\u00e7\u00e3o: Danilo Spinussi, Julia Miranda, Alina Paradiso e Larissa Santiago<\/p>\n\n\n\n<p>Equipe de conte\u00fado: Deborah Xavier, Rafaella Roba, Thiago Seixas e Gustavo Laranjeiras<\/p>\n\n\n\n<p>Criadores: Luccas Belfort e Diana Martins<\/p>\n\n\n\n<p>Head de estrat\u00e9gia: Quentin Mah\u00e9<\/p>\n\n\n\n<p>Equipe de estrat\u00e9gia: Mariana Perez e Nadia Cardoso<\/p>\n\n\n\n<p>Diretor de M\u00eddia: Caio Cezar<\/p>\n\n\n\n<p>Equipe de m\u00eddia: Marlene Quissola e Lara Grossi Sigoli<\/p>\n\n\n\n<p>Data: Rafael Mondejar e Thiago Borbolla<\/p>\n\n\n\n<p>Pesquisa Cultural e Insights: Fabiano Carvalho<\/p>\n\n\n\n<p>Produ\u00e7\u00e3o Executiva: Luiza Teani e Gabriela Carvalho<\/p>\n\n\n\n<p>Produ\u00e7\u00e3o: Bruno Silva<\/p>\n\n\n\n<p>P\u00f3s-produ\u00e7\u00e3o: Poliana Pompeo<\/p>\n\n\n\n<p>Produ\u00e7\u00e3o de \u00e1udio: Henrique Meyer<\/p>\n\n\n\n<p>Editor: Maria Paula Kemmer<\/p>\n\n\n\n<p>Motion: Dan Leal<\/p>\n\n\n\n<p>Produtora: A21 Filmes<\/p>\n\n\n\n<p>Diretor: Vitor Hugo Santana<\/p>\n\n\n\n<p>DOP: Marcelo Batista<\/p>\n\n\n\n<p>1 AC: Caio Doll<\/p>\n\n\n\n<p>2 AC: Guilherme Dubai<\/p>\n\n\n\n<p>Arte: Boca<\/p>\n\n\n\n<p>Gravador de som: Pier Valencise<\/p>\n\n\n\n<p>TP: Cainan Martins<\/p>\n\n\n\n<p>EP: Vit\u00e3o Olivieri<\/p>\n\n\n\n<p>Set manager: Marylu Garcia<\/p>\n\n\n\n<p>Cliente: Bruno da Rocha, \u00c2ngela Pozenato Viana, Mar\u00edlia Paro, Giovanna Castro e Isabella Scarpitta<\/p>\n\n\n\n<p><br><strong>Sobre a Kellanova<\/strong><br>A Kellanova (NYSE: K) conta com um legado de mais de 100 anos e \u00e9 uma empresa global no segmento de&nbsp;<em>snacks<\/em>, cereais, panettones, biscoitos, refrescos em p\u00f3, massas e barras de cereais. Impulsionada por marcas como Sucrilhos\u00ae, Choco Krispis\u00ae, Pringles\u00ae, Cheez-It\u00ae, Minueto\u00ae, Trink\u00ae, entre outras, a vis\u00e3o da Kellanova \u00e9 tornar-se l\u00edder global no segmento de<em>&nbsp;snacks<\/em>, desenvolvendo o potencial m\u00e1ximo de suas marcas diferenciadas por meio da paix\u00e3o de suas pessoas. Em 2023, o neg\u00f3cio gerou US$13 bilh\u00f5es em vendas l\u00edquidas. A Kellanova \u00e9 guiada pelo prop\u00f3sito de criar dias melhores e um lugar \u00e0 mesa para todos, por meio de suas marcas reconhecidas globalmente. A Companhia atua na promo\u00e7\u00e3o do acesso sustent\u00e1vel e equitativo aos alimentos, abordando a intersec\u00e7\u00e3o entre fome, sustentabilidade, bem-estar, equidade, diversidade e inclus\u00e3o, com o objetivo de cultivar dias melhores para 4 bilh\u00f5es de pessoas at\u00e9 o final de 2030 (com base nos n\u00fameros apresentados desde 2015). Para mais informa\u00e7\u00f5es sobre nossas metas e abordagens, acesse&nbsp;<a href=\"https:\/\/www.kellanova.com\/\" target=\"_blank\" rel=\"noreferrer noopener\">Link<\/a><\/p>\n","protected":false},"excerpt":{"rendered":"<p>Can\u00e7\u00e3o estar\u00e1 dispon\u00edvel a partir de 4 de junho nas principais plataformas de streaming. Conhecida globalmente pela ic\u00f4nica lata vermelha, Pringles\u00ae, marca de&nbsp;snacks&nbsp;de batatas da Kellanova (ex-Kellogg), lan\u00e7a m\u00fasica in\u00e9dita com o cantor Xand Avi\u00e3o para celebrar a temporada das animadas festas de S\u00e3o Jo\u00e3o, comemorada em todo o nordeste brasileiro. A a\u00e7\u00e3o est\u00e1 conectada [&hellip;]<\/p>\n","protected":false},"author":1,"featured_media":2701,"comment_status":"open","ping_status":"open","sticky":false,"template":"","format":"standard","meta":{"footnotes":""},"categories":[428],"tags":[],"class_list":["post-2700","post","type-post","status-publish","format-standard","has-post-thumbnail","hentry","category-brasil"],"_links":{"self":[{"href":"https:\/\/diarioparanaense.com\/index.php?rest_route=\/wp\/v2\/posts\/2700","targetHints":{"allow":["GET"]}}],"collection":[{"href":"https:\/\/diarioparanaense.com\/index.php?rest_route=\/wp\/v2\/posts"}],"about":[{"href":"https:\/\/diarioparanaense.com\/index.php?rest_route=\/wp\/v2\/types\/post"}],"author":[{"embeddable":true,"href":"https:\/\/diarioparanaense.com\/index.php?rest_route=\/wp\/v2\/users\/1"}],"replies":[{"embeddable":true,"href":"https:\/\/diarioparanaense.com\/index.php?rest_route=%2Fwp%2Fv2%2Fcomments&post=2700"}],"version-history":[{"count":2,"href":"https:\/\/diarioparanaense.com\/index.php?rest_route=\/wp\/v2\/posts\/2700\/revisions"}],"predecessor-version":[{"id":2703,"href":"https:\/\/diarioparanaense.com\/index.php?rest_route=\/wp\/v2\/posts\/2700\/revisions\/2703"}],"wp:featuredmedia":[{"embeddable":true,"href":"https:\/\/diarioparanaense.com\/index.php?rest_route=\/wp\/v2\/media\/2701"}],"wp:attachment":[{"href":"https:\/\/diarioparanaense.com\/index.php?rest_route=%2Fwp%2Fv2%2Fmedia&parent=2700"}],"wp:term":[{"taxonomy":"category","embeddable":true,"href":"https:\/\/diarioparanaense.com\/index.php?rest_route=%2Fwp%2Fv2%2Fcategories&post=2700"},{"taxonomy":"post_tag","embeddable":true,"href":"https:\/\/diarioparanaense.com\/index.php?rest_route=%2Fwp%2Fv2%2Ftags&post=2700"}],"curies":[{"name":"wp","href":"https:\/\/api.w.org\/{rel}","templated":true}]}}