{"id":2685,"date":"2024-05-29T17:31:59","date_gmt":"2024-05-29T20:31:59","guid":{"rendered":"https:\/\/diarioparanaense.com\/?p=2685"},"modified":"2024-05-29T17:32:00","modified_gmt":"2024-05-29T20:32:00","slug":"regina-souza-lanca-vista-seu-santo-primeiro-single-do-seu-novo-album-com-producao-musical-e-arranjos-de-julio-fejuca-e-ricardo-gama","status":"publish","type":"post","link":"https:\/\/diarioparanaense.com\/?p=2685","title":{"rendered":"REGINA SOUZA LAN\u00c7A \u201cVISTA SEU SANTO\u201d, primeiro single do seu novo \u00e1lbum, com produ\u00e7\u00e3o musical e arranjos de J\u00falio Fejuca e Ricardo Gama."},"content":{"rendered":"\n<p class=\"has-medium-font-size\">Ou\u00e7a aqui \u201cVista Seu Santo\u201d:<\/p>\n\n\n\n<p><a href=\"https:\/\/onerpm.link\/VistaSeuSanto\">https:\/\/onerpm.link\/VistaSeuSanto<\/a><\/p>\n\n\n\n<p>A cantora e compositora mineira Regina Souza lan\u00e7a \u201cVista seu santo\u201d, primeiro single do seu novo \u00e1lbum, com produ\u00e7\u00e3o musical e arranjos de Fejuca e Ricardo Gama, e que estar\u00e1 dispon\u00edvel em todas as plataformas digitais a partir do dia 17 de maio. O \u00e1lbum, intitulado \u201cSou\u201d, est\u00e1 programado para sair em agosto. At\u00e9 l\u00e1 o p\u00fablico ter\u00e1 a oportunidade de conhecer esta e mais duas faixas que ser\u00e3o lan\u00e7adas nos meses de junho e julho. O trabalho \u00e9 totalmente autoral e mergulha nas ra\u00edzes da m\u00fasica brasileira, explorando diversos ritmos como ijex\u00e1, bai\u00e3o e samba, al\u00e9m de baladas e valsa.<\/p>\n\n\n\n<p>As composi\u00e7\u00f5es de Regina refletem suas experi\u00eancias pessoais por meio de um olhar po\u00e9tico, especialmente nas nuances do amor, dos encontros e desencontros, da partilha e da solid\u00e3o, dos sonhos e da esperan\u00e7a. O \u00e1lbum \u00e9 caracterizado por uma atmosfera leve, onde as m\u00fasicas abordam a tem\u00e1tica dos afetos e tamb\u00e9m exploram a espiritualidade da artista, influenciada pelos ensinamentos de terreiro. Revelando a ess\u00eancia da compositora, o trabalho mescla uma variedade de temas e elementos que fazem parte de sua viv\u00eancia e de sua observa\u00e7\u00e3o do mundo ao seu redor.<\/p>\n\n\n\n<p>Sobre o single \u201cVista seu santo\u201d, Regina conta que a ideia surgiu por meio de uma fala do Preto Velho Vov\u00f4 Pedro, sobre a import\u00e2ncia de cada pessoa vestir o seu santo e assumir a prote\u00e7\u00e3o de um guia. No seu caso, a prote\u00e7\u00e3o do orix\u00e1 Ogum, sincretizado com S\u00e3o Jorge, popularmente conhecido como o santo guerreiro. Vov\u00f4 diz que Ogum est\u00e1 sempre a servi\u00e7o da paz, do bem e do amor, e que n\u00e3o usa sua espada para ferir, mas para cortar a ilus\u00e3o e trazer a verdade, assim como a coragem para enfrentar as adversidades da vida. A m\u00fasica \u00e9 uma inspira\u00e7\u00e3o para aqueles que t\u00eam f\u00e9, seja no seu santo ou orix\u00e1.&nbsp;<\/p>\n\n\n\n<p>Para Ricardo Gama, \u201cVista seu santo\u201d traz uma presen\u00e7a marcante da m\u00fasica afro-brasileira em sua base, respeitando o conceito musical que o tema pede, tanto na parte r\u00edtmica, atrav\u00e9s dos toques de percuss\u00e3o, como na presen\u00e7a do viol\u00e3o de nylon e flautas\u201d.&nbsp; \u00c9 a primeira faixa a ser mostrada para o p\u00fablico, de um \u00e1lbum produzido com muito carinho. Sobre ele, Fejuca completa: \u201ct\u00e1 bem solto, moderno em alguns momentos e tem um qu\u00ea de atemporal. A gente chegar nisso \u00e9 ouro!\u201d<\/p>\n\n\n\n<p>As tem\u00e1ticas de terreiro t\u00eam uma presen\u00e7a marcante no cancioneiro brasileiro. Em seu \u00e1lbum anterior, Regina j\u00e1 explorava essa viv\u00eancia espiritual em suas composi\u00e7\u00f5es, como na faixa \u201cPra Ians\u00e3\u201d, onde expressa: \u201cque cada pessoa no mundo tenha junto seu guia, seu anjo, orix\u00e1\u201d. Ela, que veio de uma fam\u00edlia cat\u00f3lica e come\u00e7ou a cantar na igreja ainda crian\u00e7a, se afastou da pr\u00e1tica dessa religi\u00e3o na fase adulta. Como brasileira, encontrou na Umbanda os ensinamentos que fizeram sentido para a compreens\u00e3o da sua espiritualidade.<\/p>\n\n\n\n<p>\u201cVista seu santo\u201d, primeiro single, que tamb\u00e9m \u00e9 a faixa de abertura do \u00e1lbum, marca uma fase madura do trabalho de composi\u00e7\u00e3o de Regina, que encontrou total afinidade para este novo projeto na proposta musical dos produtores Fejuca e Gama, artistas reconhecidos do cen\u00e1rio musical nacional, ambos com premia\u00e7\u00f5es no Grammy Latino, colaboradores de v\u00e1rios artistas como Milton Nascimento, Liniker, Emicida, Mariana Aydar e Rubel.&nbsp;<\/p>\n\n\n\n<p>Quando pensou em Fejuca para a produ\u00e7\u00e3o, Regina pediu \u00e0 amiga e produtora Danusa Carvalho para fazer a ponte, pois ainda n\u00e3o o conhecia pessoalmente. Fejuca aceitou o convite e trouxe seu parceiro, Ricardo Gama para assinar com ele a produ\u00e7\u00e3o musical e arranjos deste trabalho.&nbsp;&nbsp;<\/p>\n\n\n\n<p>Al\u00e9m das composi\u00e7\u00f5es in\u00e9ditas, o \u00e1lbum traz parcerias: com o maranhense Zeca Baleiro, que tamb\u00e9m faz uma participa\u00e7\u00e3o especial; com a mineira Patr\u00edcia Lucchesi, escritora e doutora em filosofia; com a cantora e compositora carioca Michele Agra. Tamb\u00e9m conta com a participa\u00e7\u00e3o especial do cantor e compositor fluminense Alcides Sodr\u00e9, voz incidental de Hugo Rafael, e ainda de Vov\u00f4 Pedro.<\/p>\n\n\n\n<p>O single ser\u00e1 lan\u00e7ado pela Sou M\u00fasica, selo e editora de Regina, em parceria com a Onerpm, e estar\u00e1 dispon\u00edvel em todas as plataformas digitais a partir de 17 de maio.\u00a0<\/p>\n\n\n\n<p><strong>SOBRE REGINA SOUZA<\/strong><\/p>\n\n\n\n<p>Cantora, compositora, atriz e produtora, Regina Souza sonhava em ser artista desde crian\u00e7a. Sua m\u00e3e tocava e cantava para a fam\u00edlia, e ao lado dela e da irm\u00e3, come\u00e7ou a cantar na Igreja ainda na inf\u00e2ncia. Depois vieram as rodinhas de viol\u00e3o da escola, o primeiro show, as resenhas musicais em casa e as serestas nas festas de fam\u00edlia. E foi nesta fam\u00edlia que Regina desenvolveu seu olhar art\u00edstico, atrav\u00e9s da influ\u00eancia musical da sua m\u00e3e e do seu pai, e do trabalho dos seus tios e tias. Ainda adolescente viu nascer a produ\u00e7\u00e3o do disco independente, que seu tio, o compositor Francisco M\u00e1rio, foi um dos pioneiros, a trajet\u00f3ria do cartunista Henfil, a volta do ex\u00edlio do irm\u00e3o do Henfil, o soci\u00f3logo Herbert de Souza, o Betinho, vendo a produ\u00e7\u00e3o intelectual de suas tias, a jornalista Wanda Figueiredo, a fot\u00f3grafa Filomena, as ativistas sociais Maria C\u00e2ndida e Glorinha. Regina \u00e9 filha de Ordener e Zilah, sendo a sua m\u00e3e uma das mentoras intelectuais desta fam\u00edlia. Betinho, em seu livro \u201cA lista de Ailce\u201d, reconhece a import\u00e2ncia da irm\u00e3 mais velha na sua forma\u00e7\u00e3o.<\/p>\n\n\n\n<p>Regina tem quatro \u00e1lbuns solo gravados, todos independentes. Al\u00e9m destes trabalhos, participou do \u00e1lbum \u201cMarionetes\u201d, uma homenagem a Francisco M\u00e1rio, com produ\u00e7\u00e3o de seu filho, o compositor e arranjador Marcos Souza. Participou dos CDs \u201cFaro\u201d, \u201cSambarroco\u201d e DVD \u201cEntre\u201d, do cantor e compositor Vander Lee, e de v\u00e1rios shows e turn\u00eas do artista, com quem teve uma filha, Clara, e um casamento de 14 anos. Gravou em parceria com a cantora Marina Machado o CD \u201cDesoriente um pa\u00eds-Hebraico\u201d, projeto da fot\u00f3grafa M\u00e1rcia Charnizon e produzido por Ivan Corr\u00eaa.<\/p>\n\n\n\n<p>Produziu os CDs \u201cPrato Feito\u201d, \u201cA\u00e7\u00e3o pela vida\u201d e o infantil \u201cA Zeropeia\u201d, com m\u00fasicas originais e inspirado no livro hom\u00f4nimo do soci\u00f3logo Herbert de Souza, criador das campanhas A\u00e7\u00e3o da Cidadania e Natal sem Fome. Em parceria com a Immagini Animation Studios Brasil, lan\u00e7ou no ano de 2017, o filme de anima\u00e7\u00e3o \u201cA Zeropeia\u201d, trazendo todo o conte\u00fado do disco lan\u00e7ado anteriormente, que foi produzido ao lado do seu irm\u00e3o Paulo Sp\u00f3sito. O filme ganhou o Pr\u00eamio FESTinha do J\u00fari Popular de Melhor Filme Infantil, no 10\u00ba Festival de Cinema Itinerante da L\u00edngua Portuguesa, em maio de 2019, em Lisboa, e est\u00e1 dispon\u00edvel no YouTube.<\/p>\n\n\n\n<p>No teatro, foi atriz convidada do Grupo Galp\u00e3o no espet\u00e1culo \u201cOs gigantes da montanha\u201d, de Luigi Pirandello, dirigido por Gabriel Villela; do musical \u201cOs Saltimbancos\u201d, da Cia. Odeon, com dire\u00e7\u00e3o de Carlos Gradim; do \u201cO mercador de Veneza\u201d, de William Shakespeare, dirigido pela brit\u00e2nica Catherine Paskell, um projeto do F\u00f3rum Shakespeare. Foi uma das fundadoras da Cia. Burlantins ao lado de Marina Machado e Maur\u00edcio Tizumba, na qual permaneceu por 15 anos, atuando nos espet\u00e1culos, entre eles, \u201cO homem da gravata florida\u201d e a premiada opereta \u201cO homem que sabia portugu\u00eas\u201d, ambos dirigidos por Chico Pel\u00facio, sendo a opereta com m\u00fasica e libreto de Tim Rescala.<\/p>\n","protected":false},"excerpt":{"rendered":"<p>Ou\u00e7a aqui \u201cVista Seu Santo\u201d: https:\/\/onerpm.link\/VistaSeuSanto A cantora e compositora mineira Regina Souza lan\u00e7a \u201cVista seu santo\u201d, primeiro single do seu novo \u00e1lbum, com produ\u00e7\u00e3o musical e arranjos de Fejuca e Ricardo Gama, e que estar\u00e1 dispon\u00edvel em todas as plataformas digitais a partir do dia 17 de maio. O \u00e1lbum, intitulado \u201cSou\u201d, est\u00e1 programado [&hellip;]<\/p>\n","protected":false},"author":1,"featured_media":2686,"comment_status":"open","ping_status":"open","sticky":false,"template":"","format":"standard","meta":{"footnotes":""},"categories":[27],"tags":[],"class_list":["post-2685","post","type-post","status-publish","format-standard","has-post-thumbnail","hentry","category-musica"],"_links":{"self":[{"href":"https:\/\/diarioparanaense.com\/index.php?rest_route=\/wp\/v2\/posts\/2685","targetHints":{"allow":["GET"]}}],"collection":[{"href":"https:\/\/diarioparanaense.com\/index.php?rest_route=\/wp\/v2\/posts"}],"about":[{"href":"https:\/\/diarioparanaense.com\/index.php?rest_route=\/wp\/v2\/types\/post"}],"author":[{"embeddable":true,"href":"https:\/\/diarioparanaense.com\/index.php?rest_route=\/wp\/v2\/users\/1"}],"replies":[{"embeddable":true,"href":"https:\/\/diarioparanaense.com\/index.php?rest_route=%2Fwp%2Fv2%2Fcomments&post=2685"}],"version-history":[{"count":1,"href":"https:\/\/diarioparanaense.com\/index.php?rest_route=\/wp\/v2\/posts\/2685\/revisions"}],"predecessor-version":[{"id":2687,"href":"https:\/\/diarioparanaense.com\/index.php?rest_route=\/wp\/v2\/posts\/2685\/revisions\/2687"}],"wp:featuredmedia":[{"embeddable":true,"href":"https:\/\/diarioparanaense.com\/index.php?rest_route=\/wp\/v2\/media\/2686"}],"wp:attachment":[{"href":"https:\/\/diarioparanaense.com\/index.php?rest_route=%2Fwp%2Fv2%2Fmedia&parent=2685"}],"wp:term":[{"taxonomy":"category","embeddable":true,"href":"https:\/\/diarioparanaense.com\/index.php?rest_route=%2Fwp%2Fv2%2Fcategories&post=2685"},{"taxonomy":"post_tag","embeddable":true,"href":"https:\/\/diarioparanaense.com\/index.php?rest_route=%2Fwp%2Fv2%2Ftags&post=2685"}],"curies":[{"name":"wp","href":"https:\/\/api.w.org\/{rel}","templated":true}]}}