{"id":2682,"date":"2024-05-29T13:45:50","date_gmt":"2024-05-29T16:45:50","guid":{"rendered":"https:\/\/diarioparanaense.com\/?p=2682"},"modified":"2024-05-29T13:45:51","modified_gmt":"2024-05-29T16:45:51","slug":"racismo-no-movimento-lgbt-a-luta-contra-a-discriminacao-nao-pode-excluir-ninguem","status":"publish","type":"post","link":"https:\/\/diarioparanaense.com\/?p=2682","title":{"rendered":"Racismo no movimento LGBT+: A Luta contra a discrimina\u00e7\u00e3o n\u00e3o pode excluir ningu\u00e9m"},"content":{"rendered":"\n<p class=\"has-medium-font-size\">Ativista Felipe Ruffino refor\u00e7a que presen\u00e7a e contribui\u00e7\u00e3o de pessoas negras s\u00e3o cruciais para combater o racismo e promover inclus\u00e3o verdadeira<\/p>\n\n\n\n<p>S\u00e3o Paulo, 29 de maio de 2024 \u2013 Dentro do movimento LGBT+, a luta pela igualdade e aceita\u00e7\u00e3o \u00e9 uma batalha constante. No entanto, h\u00e1 uma realidade desconfort\u00e1vel que precisa ser abordada: o racismo dentro da pr\u00f3pria comunidade LGBT+. Muitas vezes, indiv\u00edduos que combatem a LGBTfobia acabam perpetuando o racismo, demonstrando como o preconceito pode ser multifacetado e interligado. A presen\u00e7a e a contribui\u00e7\u00e3o de pessoas negras s\u00e3o fundamentais para combater o racismo e promover uma verdadeira inclus\u00e3o.<\/p>\n\n\n\n<p><br>Racismo no movimento LGBT+ manifesta-se de v\u00e1rias maneiras. Desde microagress\u00f5es e exclus\u00e3o social at\u00e9 a aus\u00eancia de representatividade negra em posi\u00e7\u00f5es de lideran\u00e7a e visibilidade. Em eventos importantes como a Parada do Orgulho LGBT, a visibilidade de pessoas negras \u00e9 essencial para combater o racismo estrutural que permeia toda a sociedade, incluindo comunidades que deveriam ser exemplares em termos de inclus\u00e3o e diversidade.<\/p>\n\n\n\n<p><br>\u201cO racismo estrutural \u00e9 uma forma de discrimina\u00e7\u00e3o profundamente enraizada nas institui\u00e7\u00f5es e pr\u00e1ticas sociais que favorecem pessoas brancas enquanto desfavorecem pessoas negras. No contexto do movimento LGBT+, isso se traduz em uma invisibiliza\u00e7\u00e3o das quest\u00f5es espec\u00edficas enfrentadas por indiv\u00edduos negros LGBT+\u201d, afirma Felipe Ruffino, ativista racial e produtor de conte\u00fado. \u201cQuest\u00f5es como a fetichiza\u00e7\u00e3o racial, estere\u00f3tipos negativos e a viol\u00eancia policial s\u00e3o muitas vezes ignoradas ou minimizadas.\u201d<\/p>\n\n\n\n<p><br>Pessoas negras dentro da comunidade LGBT+ frequentemente enfrentam a dupla discrimina\u00e7\u00e3o de racismo e LGBTfobia. Enquanto lutam por aceita\u00e7\u00e3o de sua orienta\u00e7\u00e3o sexual ou identidade de g\u00eanero, elas tamb\u00e9m t\u00eam que combater o preconceito racial. Essa interseccionalidade de opress\u00f5es pode criar um ambiente de aliena\u00e7\u00e3o e des\u00e2nimo, onde as vozes negras s\u00e3o silenciadas ou desconsideradas.<br>Um exemplo claro de racismo dentro da comunidade LGBT+ \u00e9 a fetichiza\u00e7\u00e3o dos corpos negros. Indiv\u00edduos negros s\u00e3o muitas vezes reduzidos a estere\u00f3tipos hipersexualizados, desumanizando-os e ignorando sua individualidade. Al\u00e9m disso, em plataformas de encontros, \u00e9 comum ver perfis que explicitamente excluem pessoas negras, refletindo uma prefer\u00eancia racista que perpetua a exclus\u00e3o e o preconceito.<\/p>\n\n\n\n<p><br>Para combater o racismo dentro do movimento LGBT+, \u00e9 essencial reconhecer e valorizar a presen\u00e7a e contribui\u00e7\u00e3o de pessoas negras. Movimentos e eventos LGBT+ devem adotar uma abordagem interseccional, onde as lutas contra a LGBTfobia e o racismo sejam integradas. Isso inclui garantir a representatividade negra em todas as esferas do movimento, promovendo lideran\u00e7as negras e criando espa\u00e7os onde quest\u00f5es raciais possam ser discutidas abertamente.<\/p>\n\n\n\n<p><br>\u201cEduca\u00e7\u00e3o e conscientiza\u00e7\u00e3o s\u00e3o passos fundamentais. Todos os membros da comunidade LGBT+ precisam ser educados sobre racismo e seus impactos. Isso pode ser feito atrav\u00e9s de workshops, debates e campanhas de sensibiliza\u00e7\u00e3o que destacam a import\u00e2ncia da diversidade racial dentro do movimento\u201d, destaca Ruffino.<\/p>\n\n\n\n<p><br>A alian\u00e7a de pessoas n\u00e3o-negras \u00e9 crucial nessa luta. Indiv\u00edduos brancos dentro da comunidade LGBT+ devem usar seus privil\u00e9gios para apoiar e amplificar as vozes negras, reconhecendo e confrontando seus pr\u00f3prios preconceitos. A solidariedade verdadeira s\u00f3 pode ser alcan\u00e7ada quando todas as formas de opress\u00e3o s\u00e3o combatidas de maneira unificada.<\/p>\n\n\n\n<p><br>\u201cO movimento LGBT+ tem o potencial de ser um farol de diversidade e inclus\u00e3o. No entanto, para que isso aconte\u00e7a, \u00e9 vital que o racismo dentro da pr\u00f3pria comunidade seja enfrentado de frente. A luta por igualdade deve ser abrangente e inclusiva, reconhecendo e valorizando todas as identidades. Somente assim poderemos construir uma comunidade onde todos, independentemente de sua cor de pele, possam sentir-se verdadeiramente aceitos e valorizados\u201d, conclui\u00a0Felipe\u00a0Ruffino.<\/p>\n","protected":false},"excerpt":{"rendered":"<p>Ativista Felipe Ruffino refor\u00e7a que presen\u00e7a e contribui\u00e7\u00e3o de pessoas negras s\u00e3o cruciais para combater o racismo e promover inclus\u00e3o verdadeira S\u00e3o Paulo, 29 de maio de 2024 \u2013 Dentro do movimento LGBT+, a luta pela igualdade e aceita\u00e7\u00e3o \u00e9 uma batalha constante. No entanto, h\u00e1 uma realidade desconfort\u00e1vel que precisa ser abordada: o racismo [&hellip;]<\/p>\n","protected":false},"author":1,"featured_media":2683,"comment_status":"open","ping_status":"open","sticky":false,"template":"","format":"standard","meta":{"footnotes":""},"categories":[29,430],"tags":[],"class_list":["post-2682","post","type-post","status-publish","format-standard","has-post-thumbnail","hentry","category-artigos","category-sociedade"],"_links":{"self":[{"href":"https:\/\/diarioparanaense.com\/index.php?rest_route=\/wp\/v2\/posts\/2682","targetHints":{"allow":["GET"]}}],"collection":[{"href":"https:\/\/diarioparanaense.com\/index.php?rest_route=\/wp\/v2\/posts"}],"about":[{"href":"https:\/\/diarioparanaense.com\/index.php?rest_route=\/wp\/v2\/types\/post"}],"author":[{"embeddable":true,"href":"https:\/\/diarioparanaense.com\/index.php?rest_route=\/wp\/v2\/users\/1"}],"replies":[{"embeddable":true,"href":"https:\/\/diarioparanaense.com\/index.php?rest_route=%2Fwp%2Fv2%2Fcomments&post=2682"}],"version-history":[{"count":1,"href":"https:\/\/diarioparanaense.com\/index.php?rest_route=\/wp\/v2\/posts\/2682\/revisions"}],"predecessor-version":[{"id":2684,"href":"https:\/\/diarioparanaense.com\/index.php?rest_route=\/wp\/v2\/posts\/2682\/revisions\/2684"}],"wp:featuredmedia":[{"embeddable":true,"href":"https:\/\/diarioparanaense.com\/index.php?rest_route=\/wp\/v2\/media\/2683"}],"wp:attachment":[{"href":"https:\/\/diarioparanaense.com\/index.php?rest_route=%2Fwp%2Fv2%2Fmedia&parent=2682"}],"wp:term":[{"taxonomy":"category","embeddable":true,"href":"https:\/\/diarioparanaense.com\/index.php?rest_route=%2Fwp%2Fv2%2Fcategories&post=2682"},{"taxonomy":"post_tag","embeddable":true,"href":"https:\/\/diarioparanaense.com\/index.php?rest_route=%2Fwp%2Fv2%2Ftags&post=2682"}],"curies":[{"name":"wp","href":"https:\/\/api.w.org\/{rel}","templated":true}]}}