{"id":2675,"date":"2024-05-28T10:25:08","date_gmt":"2024-05-28T13:25:08","guid":{"rendered":"https:\/\/diarioparanaense.com\/?p=2675"},"modified":"2024-05-28T10:25:08","modified_gmt":"2024-05-28T13:25:08","slug":"concerto-de-flauta-doce-traz-perolas-do-repertorio-renascentista-e-barroco-em-show-gratuito","status":"publish","type":"post","link":"https:\/\/diarioparanaense.com\/?p=2675","title":{"rendered":"Concerto de flauta doce traz p\u00e9rolas do repert\u00f3rio renascentista e barroco em show gratuito"},"content":{"rendered":"\n<p class=\"has-medium-font-size\">Ensemble Simul \u00e9 formado por jovens estudantes de m\u00fasica que v\u00eam de Almirante Tamandar\u00e9<\/p>\n\n\n\n<p>Neste domingo (2) \u00e0 tarde, os curitibanos t\u00eam a chance de ouvir m\u00fasica erudita de alta qualidade &#8211; e gratuitamente. O concerto \u201cEncontro com Johann Sebastian Bach\u201d, do Ensemble Simul, acontece \u00e0s 15h no Bosque Alem\u00e3o Orat\u00f3rio de Bach, no Pilarzinho. A apresenta\u00e7\u00e3o tem dura\u00e7\u00e3o de 40 minutos.<\/p>\n\n\n\n<p>O Ensemble Simul \u00e9 um grupo criado em 2019 em que 10 jovens estudantes se aprimoram na pr\u00e1tica da flauta doce. Eles come\u00e7aram a aprender m\u00fasica no Projeto Dorcas, entidade que promove educa\u00e7\u00e3o no contraturno escolar em Almirante Tamandar\u00e9 h\u00e1 28 anos. Todos se apaixonaram pela arte musical e est\u00e3o se aprofundando por meio de estudos e concertos. O nome do grupo vem do Latim \u201cSIMUL: ao mesmo tempo, simultaneamente\u201d, ou seja, eles amam tocar em conjunto.<\/p>\n\n\n\n<p>O repert\u00f3rio do Ensemble Simul \u00e9 diferenciado, bastante selecionado pelos professores. \u201cUm diferencial est\u00e1 em aliar movimento \u00e0 m\u00fasica, pois procuramos trazer uma execu\u00e7\u00e3o expressiva, incluindo gestos para enfatizar alguns aspectos musicais\u201d, conta a coordenadora, Renate Weiland.<\/p>\n\n\n\n<p>\u201cA proposta \u00e9 promover a m\u00fasica de c\u00e2mera, dando destaque especial \u00e0 M\u00fasica Antiga, contemplando as \u00e9pocas da Renascen\u00e7a e do Barroco, visto que existe um vasto repert\u00f3rio para flauta doce que datam desse per\u00edodo\u201d, conta Renate. \u201cEsse tipo de repert\u00f3rio favorece uma interpreta\u00e7\u00e3o n\u00e3o somente musical, mas tamb\u00e9m coreogr\u00e1fica e c\u00eanica, com utiliza\u00e7\u00e3o de figurinos e algumas dan\u00e7as. E al\u00e9m de m\u00fasica antiga, tamb\u00e9m executamos arranjos variados, com m\u00fasica brasileira, m\u00fasica do mundo, m\u00fasica da atualidade\u201d, promete.<\/p>\n\n\n\n<p class=\"has-medium-font-size\">SERVI\u00c7O<\/p>\n\n\n\n<p>\u201cEncontro com Johann Sebastian Bach\u201d<br>Concerto gratuito do Ensemble Simul<br>Dia 2 de junho, \u00e0s 15h<br>Local &#8211; Bosque Alem\u00e3o &#8211; Orat\u00f3rio de Bach<br>End: Rua Nicolo Paganini, s\/n &#8211; Pilarzinho<br>Dura\u00e7\u00e3o: 40 minutos<br>Entrada franca<\/p>\n\n\n\n<p><strong>Sobre o Dorcas: <\/strong>O Dorcas \u00e9 administrado pela Associa\u00e7\u00e3o Evang\u00e9lica Cristo Redentor (AECRI) e tem como principal apoiadora a Comunidade Luterana do Redentor, de Curitiba. Conta tamb\u00e9m com doa\u00e7\u00f5es de pessoas f\u00edsicas e jur\u00eddicas e de institui\u00e7\u00f5es parceiras. O Projeto Dorcas \u00e9 reconhecido pelo poder p\u00fablico e pela popula\u00e7\u00e3o local como uma entidade s\u00e9ria e comprometida com o bem estar da comunidade onde est\u00e1 inserida, o bairro Bonfim, em Almirante Tamandar\u00e9, buscando aplicar com a m\u00e1xima efici\u00eancia e responsabilidade os recursos adquiridos atrav\u00e9s\u00a0de\u00a0doa\u00e7\u00f5es.<\/p>\n","protected":false},"excerpt":{"rendered":"<p>Ensemble Simul \u00e9 formado por jovens estudantes de m\u00fasica que v\u00eam de Almirante Tamandar\u00e9 Neste domingo (2) \u00e0 tarde, os curitibanos t\u00eam a chance de ouvir m\u00fasica erudita de alta qualidade &#8211; e gratuitamente. O concerto \u201cEncontro com Johann Sebastian Bach\u201d, do Ensemble Simul, acontece \u00e0s 15h no Bosque Alem\u00e3o Orat\u00f3rio de Bach, no Pilarzinho. [&hellip;]<\/p>\n","protected":false},"author":1,"featured_media":2676,"comment_status":"open","ping_status":"open","sticky":false,"template":"","format":"standard","meta":{"footnotes":""},"categories":[24],"tags":[],"class_list":["post-2675","post","type-post","status-publish","format-standard","has-post-thumbnail","hentry","category-artes"],"_links":{"self":[{"href":"https:\/\/diarioparanaense.com\/index.php?rest_route=\/wp\/v2\/posts\/2675","targetHints":{"allow":["GET"]}}],"collection":[{"href":"https:\/\/diarioparanaense.com\/index.php?rest_route=\/wp\/v2\/posts"}],"about":[{"href":"https:\/\/diarioparanaense.com\/index.php?rest_route=\/wp\/v2\/types\/post"}],"author":[{"embeddable":true,"href":"https:\/\/diarioparanaense.com\/index.php?rest_route=\/wp\/v2\/users\/1"}],"replies":[{"embeddable":true,"href":"https:\/\/diarioparanaense.com\/index.php?rest_route=%2Fwp%2Fv2%2Fcomments&post=2675"}],"version-history":[{"count":1,"href":"https:\/\/diarioparanaense.com\/index.php?rest_route=\/wp\/v2\/posts\/2675\/revisions"}],"predecessor-version":[{"id":2677,"href":"https:\/\/diarioparanaense.com\/index.php?rest_route=\/wp\/v2\/posts\/2675\/revisions\/2677"}],"wp:featuredmedia":[{"embeddable":true,"href":"https:\/\/diarioparanaense.com\/index.php?rest_route=\/wp\/v2\/media\/2676"}],"wp:attachment":[{"href":"https:\/\/diarioparanaense.com\/index.php?rest_route=%2Fwp%2Fv2%2Fmedia&parent=2675"}],"wp:term":[{"taxonomy":"category","embeddable":true,"href":"https:\/\/diarioparanaense.com\/index.php?rest_route=%2Fwp%2Fv2%2Fcategories&post=2675"},{"taxonomy":"post_tag","embeddable":true,"href":"https:\/\/diarioparanaense.com\/index.php?rest_route=%2Fwp%2Fv2%2Ftags&post=2675"}],"curies":[{"name":"wp","href":"https:\/\/api.w.org\/{rel}","templated":true}]}}