{"id":2672,"date":"2024-05-24T14:47:56","date_gmt":"2024-05-24T17:47:56","guid":{"rendered":"https:\/\/diarioparanaense.com\/?p=2672"},"modified":"2024-05-24T14:47:56","modified_gmt":"2024-05-24T17:47:56","slug":"cha-para-todos-de-maio-marca-o-mes-das-noivas","status":"publish","type":"post","link":"https:\/\/diarioparanaense.com\/?p=2672","title":{"rendered":"Ch\u00e1 para todos de maio marca o m\u00eas das noivas"},"content":{"rendered":"\n<p class=\"has-medium-font-size\">Desfile teve pe\u00e7as da Lu Caldatto, profissional conhecida pela alta-costura<\/p>\n\n\n\n<p>Maio \u00e9 conhecido como o m\u00eas das noivas, e \u00e9 com esse foco que o tradicional evento de moda, do Clube Curitibano, apresentou pe\u00e7as de uma das profissionais mais requisitadas do mercado da alta-costura, Lu Caldatto. O Ch\u00e1 para Todos aconteceu no dia 23, \u00e0s 14h, e contou com um desfile de vestidos de noivas e de festas e com semijoias exclusivas e de qualidade, de Dani Ribeiro.<\/p>\n\n\n\n<p>Lu Caldatto buscou trazer nas cria\u00e7\u00f5es exclusivas a beleza e inova\u00e7\u00e3o para o desfile. As semijoias passaram por uma curadoria, com cole\u00e7\u00f5es planejadas que equilibram tend\u00eancias modernas e cl\u00e1ssicas, tanto para os vestidos de noivas quanto para os de festas.<\/p>\n\n\n\n<p>Durante o desfile, os associados e convidados puderam aproveitar um caf\u00e9 colonial. Ao final do evento, a programa\u00e7\u00e3o do dia tamb\u00e9m incluiu&nbsp;um&nbsp;sorteio.<\/p>\n","protected":false},"excerpt":{"rendered":"<p>Desfile teve pe\u00e7as da Lu Caldatto, profissional conhecida pela alta-costura Maio \u00e9 conhecido como o m\u00eas das noivas, e \u00e9 com esse foco que o tradicional evento de moda, do Clube Curitibano, apresentou pe\u00e7as de uma das profissionais mais requisitadas do mercado da alta-costura, Lu Caldatto. O Ch\u00e1 para Todos aconteceu no dia 23, \u00e0s [&hellip;]<\/p>\n","protected":false},"author":1,"featured_media":2673,"comment_status":"open","ping_status":"open","sticky":false,"template":"","format":"standard","meta":{"footnotes":""},"categories":[424],"tags":[],"class_list":["post-2672","post","type-post","status-publish","format-standard","has-post-thumbnail","hentry","category-curitiba"],"_links":{"self":[{"href":"https:\/\/diarioparanaense.com\/index.php?rest_route=\/wp\/v2\/posts\/2672","targetHints":{"allow":["GET"]}}],"collection":[{"href":"https:\/\/diarioparanaense.com\/index.php?rest_route=\/wp\/v2\/posts"}],"about":[{"href":"https:\/\/diarioparanaense.com\/index.php?rest_route=\/wp\/v2\/types\/post"}],"author":[{"embeddable":true,"href":"https:\/\/diarioparanaense.com\/index.php?rest_route=\/wp\/v2\/users\/1"}],"replies":[{"embeddable":true,"href":"https:\/\/diarioparanaense.com\/index.php?rest_route=%2Fwp%2Fv2%2Fcomments&post=2672"}],"version-history":[{"count":1,"href":"https:\/\/diarioparanaense.com\/index.php?rest_route=\/wp\/v2\/posts\/2672\/revisions"}],"predecessor-version":[{"id":2674,"href":"https:\/\/diarioparanaense.com\/index.php?rest_route=\/wp\/v2\/posts\/2672\/revisions\/2674"}],"wp:featuredmedia":[{"embeddable":true,"href":"https:\/\/diarioparanaense.com\/index.php?rest_route=\/wp\/v2\/media\/2673"}],"wp:attachment":[{"href":"https:\/\/diarioparanaense.com\/index.php?rest_route=%2Fwp%2Fv2%2Fmedia&parent=2672"}],"wp:term":[{"taxonomy":"category","embeddable":true,"href":"https:\/\/diarioparanaense.com\/index.php?rest_route=%2Fwp%2Fv2%2Fcategories&post=2672"},{"taxonomy":"post_tag","embeddable":true,"href":"https:\/\/diarioparanaense.com\/index.php?rest_route=%2Fwp%2Fv2%2Ftags&post=2672"}],"curies":[{"name":"wp","href":"https:\/\/api.w.org\/{rel}","templated":true}]}}