{"id":2666,"date":"2024-05-24T14:35:22","date_gmt":"2024-05-24T17:35:22","guid":{"rendered":"https:\/\/diarioparanaense.com\/?p=2666"},"modified":"2024-05-24T14:35:22","modified_gmt":"2024-05-24T17:35:22","slug":"numero-de-acidentes-com-veiculos-cresce-exponencialmente-nos-ultimos-anos-no-parana","status":"publish","type":"post","link":"https:\/\/diarioparanaense.com\/?p=2666","title":{"rendered":"N\u00famero de acidentes com ve\u00edculos cresce exponencialmente nos \u00faltimos anos no Paran\u00e1"},"content":{"rendered":"\n<p class=\"has-medium-font-size\">Em Curitiba, mais de 6,5 mil acidentes de tr\u00e2nsito foram registrados<\/p>\n\n\n\n<p>Nos \u00faltimos anos, dados do BPTRAN (Batalh\u00e3o de Pol\u00edcia de Tr\u00e2nsito) apontaram um crescimento exponencial no n\u00famero de acidentes de tr\u00e2nsito no Paran\u00e1. Em 2022, foram registrados 43.081 ocorr\u00eancias com v\u00edtimas no estado, sendo que em 1.757 casos as v\u00edtimas foram a \u00f3bito J\u00e1 em 2020, foram registrados 33.951 acidentes e, em 2021, cerca de 38.451. Em Curitiba, foram registrados mais de 6,5 mil acidentes, resultando em 68 mortos.<\/p>\n\n\n\n<p>Para alertar e conscientizar a popula\u00e7\u00e3o sobre o Maio Amarelo e, assim, chamar a aten\u00e7\u00e3o da sociedade para o alto \u00edndice de mortes e feridos no tr\u00e2nsito, estudantes da Escola Atua\u00e7\u00e3o realizaram ao longo do m\u00eas a\u00e7\u00f5es nos bairros do Santa Quit\u00e9ria e Boqueir\u00e3o, nas intermedia\u00e7\u00f5es da escola.<\/p>\n\n\n\n<p>Durante a semana de 23 a 29 de maio \u00e9 poss\u00edvel encontrar alunos realizando uma caminhada nas proximidades da escola, junto com os professores e pais, para conscientizar a vizinhan\u00e7a sobre a seguran\u00e7a no tr\u00e2nsito. Os alunos ir\u00e3o multar os carros que estiverem em faixa dupla e v\u00e3o entregar la\u00e7os amarelos para os funcion\u00e1rios e pais na entrada da escola.<\/p>\n\n\n\n<p>\u201cEssa a\u00e7\u00e3o, que acontece anualmente na escola, refor\u00e7a que \u00e9 preciso agir com responsabilidade, pois ela salva vidas. Os estudantes aprendem desde cedo que motoristas e pedestres precisam agir com cuidado e respeito ao pr\u00f3ximo, ensinando a necessidade de adotar comportamentos seguros\u201d, explica a diretora da Escola Atua\u00e7\u00e3o, Carolina&nbsp;Pereira&nbsp;Frizon.<\/p>\n","protected":false},"excerpt":{"rendered":"<p>Em Curitiba, mais de 6,5 mil acidentes de tr\u00e2nsito foram registrados Nos \u00faltimos anos, dados do BPTRAN (Batalh\u00e3o de Pol\u00edcia de Tr\u00e2nsito) apontaram um crescimento exponencial no n\u00famero de acidentes de tr\u00e2nsito no Paran\u00e1. Em 2022, foram registrados 43.081 ocorr\u00eancias com v\u00edtimas no estado, sendo que em 1.757 casos as v\u00edtimas foram a \u00f3bito J\u00e1 [&hellip;]<\/p>\n","protected":false},"author":1,"featured_media":2667,"comment_status":"open","ping_status":"open","sticky":false,"template":"","format":"standard","meta":{"footnotes":""},"categories":[425],"tags":[],"class_list":["post-2666","post","type-post","status-publish","format-standard","has-post-thumbnail","hentry","category-parana"],"_links":{"self":[{"href":"https:\/\/diarioparanaense.com\/index.php?rest_route=\/wp\/v2\/posts\/2666","targetHints":{"allow":["GET"]}}],"collection":[{"href":"https:\/\/diarioparanaense.com\/index.php?rest_route=\/wp\/v2\/posts"}],"about":[{"href":"https:\/\/diarioparanaense.com\/index.php?rest_route=\/wp\/v2\/types\/post"}],"author":[{"embeddable":true,"href":"https:\/\/diarioparanaense.com\/index.php?rest_route=\/wp\/v2\/users\/1"}],"replies":[{"embeddable":true,"href":"https:\/\/diarioparanaense.com\/index.php?rest_route=%2Fwp%2Fv2%2Fcomments&post=2666"}],"version-history":[{"count":1,"href":"https:\/\/diarioparanaense.com\/index.php?rest_route=\/wp\/v2\/posts\/2666\/revisions"}],"predecessor-version":[{"id":2668,"href":"https:\/\/diarioparanaense.com\/index.php?rest_route=\/wp\/v2\/posts\/2666\/revisions\/2668"}],"wp:featuredmedia":[{"embeddable":true,"href":"https:\/\/diarioparanaense.com\/index.php?rest_route=\/wp\/v2\/media\/2667"}],"wp:attachment":[{"href":"https:\/\/diarioparanaense.com\/index.php?rest_route=%2Fwp%2Fv2%2Fmedia&parent=2666"}],"wp:term":[{"taxonomy":"category","embeddable":true,"href":"https:\/\/diarioparanaense.com\/index.php?rest_route=%2Fwp%2Fv2%2Fcategories&post=2666"},{"taxonomy":"post_tag","embeddable":true,"href":"https:\/\/diarioparanaense.com\/index.php?rest_route=%2Fwp%2Fv2%2Ftags&post=2666"}],"curies":[{"name":"wp","href":"https:\/\/api.w.org\/{rel}","templated":true}]}}