{"id":2662,"date":"2024-05-24T09:44:14","date_gmt":"2024-05-24T12:44:14","guid":{"rendered":"https:\/\/diarioparanaense.com\/?p=2662"},"modified":"2024-05-24T09:44:15","modified_gmt":"2024-05-24T12:44:15","slug":"abmi-na-apolar","status":"publish","type":"post","link":"https:\/\/diarioparanaense.com\/?p=2662","title":{"rendered":"ABMI na Apolar"},"content":{"rendered":"\n<p>O CEO da Rede Apolar Im\u00f3veis, Gutemberg Raicherth, recebeu uma comitiva da Associa\u00e7\u00e3o Brasileira do Mercado Imobili\u00e1rio (ABMI), no centro de eventos Joseph Galiano. O grupo de 40 profissionais do setor imobili\u00e1rio das regi\u00f5es Sul, Centro-Oeste e Norte do pa\u00eds participaram da apresenta\u00e7\u00e3o, seguida por um tour pela unidade modelo da marca. A estrutura competitiva da Rede Apolar, que busca expandir sua presen\u00e7a em todo o territ\u00f3rio nacional por meio de franquias, foi um dos principais temas abordados durante a apresenta\u00e7\u00e3o, enfatizando a trajet\u00f3ria da empresa de uma imobili\u00e1ria regional para uma grande franqueadora nacional.<\/p>\n\n\n\n<p>Na foto o CEO da Rede Apolar Im\u00f3veis, Gutemberg Raicherth (direita) e o Diretor da ABMI, Tiago Borba&nbsp;(esquerda).<\/p>\n","protected":false},"excerpt":{"rendered":"<p>O CEO da Rede Apolar Im\u00f3veis, Gutemberg Raicherth, recebeu uma comitiva da Associa\u00e7\u00e3o Brasileira do Mercado Imobili\u00e1rio (ABMI), no centro de eventos Joseph Galiano. O grupo de 40 profissionais do setor imobili\u00e1rio das regi\u00f5es Sul, Centro-Oeste e Norte do pa\u00eds participaram da apresenta\u00e7\u00e3o, seguida por um tour pela unidade modelo da marca. A estrutura competitiva [&hellip;]<\/p>\n","protected":false},"author":1,"featured_media":2663,"comment_status":"open","ping_status":"open","sticky":false,"template":"","format":"standard","meta":{"footnotes":""},"categories":[324],"tags":[],"class_list":["post-2662","post","type-post","status-publish","format-standard","has-post-thumbnail","hentry","category-negocios"],"_links":{"self":[{"href":"https:\/\/diarioparanaense.com\/index.php?rest_route=\/wp\/v2\/posts\/2662","targetHints":{"allow":["GET"]}}],"collection":[{"href":"https:\/\/diarioparanaense.com\/index.php?rest_route=\/wp\/v2\/posts"}],"about":[{"href":"https:\/\/diarioparanaense.com\/index.php?rest_route=\/wp\/v2\/types\/post"}],"author":[{"embeddable":true,"href":"https:\/\/diarioparanaense.com\/index.php?rest_route=\/wp\/v2\/users\/1"}],"replies":[{"embeddable":true,"href":"https:\/\/diarioparanaense.com\/index.php?rest_route=%2Fwp%2Fv2%2Fcomments&post=2662"}],"version-history":[{"count":1,"href":"https:\/\/diarioparanaense.com\/index.php?rest_route=\/wp\/v2\/posts\/2662\/revisions"}],"predecessor-version":[{"id":2664,"href":"https:\/\/diarioparanaense.com\/index.php?rest_route=\/wp\/v2\/posts\/2662\/revisions\/2664"}],"wp:featuredmedia":[{"embeddable":true,"href":"https:\/\/diarioparanaense.com\/index.php?rest_route=\/wp\/v2\/media\/2663"}],"wp:attachment":[{"href":"https:\/\/diarioparanaense.com\/index.php?rest_route=%2Fwp%2Fv2%2Fmedia&parent=2662"}],"wp:term":[{"taxonomy":"category","embeddable":true,"href":"https:\/\/diarioparanaense.com\/index.php?rest_route=%2Fwp%2Fv2%2Fcategories&post=2662"},{"taxonomy":"post_tag","embeddable":true,"href":"https:\/\/diarioparanaense.com\/index.php?rest_route=%2Fwp%2Fv2%2Ftags&post=2662"}],"curies":[{"name":"wp","href":"https:\/\/api.w.org\/{rel}","templated":true}]}}