{"id":2645,"date":"2024-05-17T15:59:39","date_gmt":"2024-05-17T18:59:39","guid":{"rendered":"https:\/\/diarioparanaense.com\/?p=2645"},"modified":"2024-05-17T15:59:39","modified_gmt":"2024-05-17T18:59:39","slug":"quebrando-o-tabu-do-mau-halito-e-sua-relacao-com-a-timidez","status":"publish","type":"post","link":"https:\/\/diarioparanaense.com\/?p=2645","title":{"rendered":"Quebrando o tabu do mau h\u00e1lito e sua rela\u00e7\u00e3o com a timidez"},"content":{"rendered":"\n<p class=\"has-medium-font-size\">Com um h\u00e1lito fresco a timidez vai embora<\/p>\n\n\n\n<p>Hoje, mais do que nunca, o sil\u00eancio \u00e9 ensurdecedor. N\u00e3o \u00e9 apenas a aus\u00eancia de palavras, mas tamb\u00e9m o eco de uma condi\u00e7\u00e3o inc\u00f4moda que muitos preferem ocultar: o mau h\u00e1lito. Num mundo onde a comunica\u00e7\u00e3o \u00e9 essencial, o desconforto causado por esse problema pode ser desconcertante.<\/p>\n\n\n\n<p>Como analisado pela dentista especialista em halitose, Cl\u00e1udia Gobor, o odor desagrad\u00e1vel que emana da boca afeta n\u00e3o apenas a intera\u00e7\u00e3o social, mas tamb\u00e9m a autoestima das pessoas. A sensa\u00e7\u00e3o de constrangimento \u00e9 t\u00e3o intensa que alguns evitam at\u00e9 mesmo o contato pr\u00f3ximo, como falar cara a cara, recorrendo a gestos como cobrir a boca com a m\u00e3o para evitar que o odor seja percebido pelo interlocutor.<\/p>\n\n\n\n<p>Mas por que o mau h\u00e1lito \u00e9 t\u00e3o dif\u00edcil de detectar por aqueles que o t\u00eam? Segundo a dentista Cl\u00e1udia Gobor, as c\u00e9lulas do epit\u00e9lio olfat\u00f3rio, respons\u00e1veis pelo sentido do olfato, se adaptam rapidamente a odores, tornando dif\u00edcil para o indiv\u00edduo perceber o pr\u00f3prio h\u00e1lito ap\u00f3s um curto per\u00edodo de exposi\u00e7\u00e3o.<\/p>\n\n\n\n<p>No entanto, a maioria dos casos de halitose est\u00e1 relacionada \u00e0 sa\u00fade bucal. A higiene oral adequada \u00e9 a chave para prevenir e combater esse problema. Visitas regulares ao dentista, consumo di\u00e1rio adequado de l\u00edquidos e consumo de alimentos fibrosos s\u00e3o apenas algumas das medidas recomendadas para manter a sa\u00fade bucal em dia.<\/p>\n\n\n\n<p>Por isso dentistas como Cl\u00e1udia Gobor nos convidam a refletir sobre a import\u00e2ncia da comunica\u00e7\u00e3o e da sa\u00fade bucal. Enquanto quebramos o tabu do mau h\u00e1lito, tamb\u00e9m reafirmamos a necessidade de cuidar de n\u00f3s mesmos, tanto f\u00edsica quanto emocionalmente. Porque, afinal, o verdadeiro sil\u00eancio n\u00e3o est\u00e1 na aus\u00eancia de palavras, mas sim na aus\u00eancia de confian\u00e7a para express\u00e1-las plenamente.<\/p>\n\n\n\n<p><strong>Servi\u00e7o: Bom h\u00e1lito Curitiba<br>Dra. Cl\u00e1udia C. Gobor<br><\/strong>Cirurgi\u00e3 Dentista especialista pelo MEC no tratamento da Halitose<br>Ex-Presidente e atual Diretora Executiva da Associa\u00e7\u00e3o Brasileira de Halitose<br><a href=\"https:\/\/www.bomhalitocuritiba.com.br\/\n\">https:\/\/www.bomhalitocuritiba.com.br\/<br><\/a>(41) 3022-3131 | (41) 99977-7087<br>@bomhalitocuritiba<\/p>\n","protected":false},"excerpt":{"rendered":"<p>Com um h\u00e1lito fresco a timidez vai embora Hoje, mais do que nunca, o sil\u00eancio \u00e9 ensurdecedor. N\u00e3o \u00e9 apenas a aus\u00eancia de palavras, mas tamb\u00e9m o eco de uma condi\u00e7\u00e3o inc\u00f4moda que muitos preferem ocultar: o mau h\u00e1lito. Num mundo onde a comunica\u00e7\u00e3o \u00e9 essencial, o desconforto causado por esse problema pode ser desconcertante. [&hellip;]<\/p>\n","protected":false},"author":1,"featured_media":2646,"comment_status":"open","ping_status":"open","sticky":false,"template":"","format":"standard","meta":{"footnotes":""},"categories":[164],"tags":[],"class_list":["post-2645","post","type-post","status-publish","format-standard","has-post-thumbnail","hentry","category-saude-2"],"_links":{"self":[{"href":"https:\/\/diarioparanaense.com\/index.php?rest_route=\/wp\/v2\/posts\/2645","targetHints":{"allow":["GET"]}}],"collection":[{"href":"https:\/\/diarioparanaense.com\/index.php?rest_route=\/wp\/v2\/posts"}],"about":[{"href":"https:\/\/diarioparanaense.com\/index.php?rest_route=\/wp\/v2\/types\/post"}],"author":[{"embeddable":true,"href":"https:\/\/diarioparanaense.com\/index.php?rest_route=\/wp\/v2\/users\/1"}],"replies":[{"embeddable":true,"href":"https:\/\/diarioparanaense.com\/index.php?rest_route=%2Fwp%2Fv2%2Fcomments&post=2645"}],"version-history":[{"count":1,"href":"https:\/\/diarioparanaense.com\/index.php?rest_route=\/wp\/v2\/posts\/2645\/revisions"}],"predecessor-version":[{"id":2647,"href":"https:\/\/diarioparanaense.com\/index.php?rest_route=\/wp\/v2\/posts\/2645\/revisions\/2647"}],"wp:featuredmedia":[{"embeddable":true,"href":"https:\/\/diarioparanaense.com\/index.php?rest_route=\/wp\/v2\/media\/2646"}],"wp:attachment":[{"href":"https:\/\/diarioparanaense.com\/index.php?rest_route=%2Fwp%2Fv2%2Fmedia&parent=2645"}],"wp:term":[{"taxonomy":"category","embeddable":true,"href":"https:\/\/diarioparanaense.com\/index.php?rest_route=%2Fwp%2Fv2%2Fcategories&post=2645"},{"taxonomy":"post_tag","embeddable":true,"href":"https:\/\/diarioparanaense.com\/index.php?rest_route=%2Fwp%2Fv2%2Ftags&post=2645"}],"curies":[{"name":"wp","href":"https:\/\/api.w.org\/{rel}","templated":true}]}}