{"id":2639,"date":"2024-05-16T15:38:05","date_gmt":"2024-05-16T18:38:05","guid":{"rendered":"https:\/\/diarioparanaense.com\/?p=2639"},"modified":"2024-05-16T15:38:05","modified_gmt":"2024-05-16T18:38:05","slug":"rinite-e-asma-lideram-ranking-de-doencas-respiratorias-dos-brasileiros-como-saber-a-diferenca-entre-as-duas","status":"publish","type":"post","link":"https:\/\/diarioparanaense.com\/?p=2639","title":{"rendered":"Rinite e asma lideram ranking de doen\u00e7as respirat\u00f3rias dos brasileiros. Como saber a diferen\u00e7a entre as duas?"},"content":{"rendered":"\n<p class=\"has-medium-font-size\">Esta\u00e7\u00f5es do outono e inverno ampliam incid\u00eancia de casos al\u00e9rgicos<\/p>\n\n\n\n<p>Durante o outono e o inverno \u00e9 comum que a incid\u00eancia de casos al\u00e9rgicos apare\u00e7a. Segundo a Organiza\u00e7\u00e3o Mundial da Sa\u00fade (OMS), a rinite e a asmas s\u00e3o doen\u00e7as que est\u00e3o presentes em \u00bc dos brasileiros, e de acordo com a OMS a rinite al\u00e9rgica pode ser considerada a doen\u00e7a respirat\u00f3ria mais presente na popula\u00e7\u00e3o global, atingindo entre 30% e 40% das pessoas. Outro levantamento de dados, feito pelo Minist\u00e9rio da Sa\u00fade (MS), indica que mais de 20 milh\u00f5es de brasileiros s\u00e3o asm\u00e1ticos.<\/p>\n\n\n\n<p>Segundo a doutora Mariele Lovato, otorrinolaringologista do Hospital S\u00e3o Vicente, em torno de 40% das pessoas que t\u00eam rinite, tamb\u00e9m possuem asma, mas quase todos os pacientes que apresentam asma t\u00eam rinite. \u201cEssas duas doen\u00e7as andam juntas, geralmente em quadros al\u00e9rgicos, como \u00e0 \u00e1caros, p\u00f3lens, epit\u00e9lio de cachorro e gato, poeira, entre outros. Quando observamos esse cen\u00e1rio, buscamos apresentar para os pacientes que o controle adequado da rinite ajuda a reduzir as exacerba\u00e7\u00f5es da asma\u201d, explica a doutora.<\/p>\n\n\n\n<p>Para identificar os sintomas e saber diferenciar as doen\u00e7as, a doutora Mariele conta que ambas as doen\u00e7as come\u00e7am quando entram em contato com algum gatilho para o paciente. Na rinite os sintomas de irrita\u00e7\u00e3o se destacam na via a\u00e9rea alta, ou seja, cavidade nasal e faringe, causando uma obstru\u00e7\u00e3o da respira\u00e7\u00e3o pelo nariz, secre\u00e7\u00e3o, coceira na garganta e\/ou olhos, e espirros. J\u00e1 a asma aparece nas vias a\u00e9reas baixas, ou seja, o pulm\u00e3o, causando tosse, falta de ar, chiado ou sibil\u00e2ncia.<\/p>\n\n\n\n<p class=\"has-medium-font-size\">Cuidados necess\u00e1rios<\/p>\n\n\n\n<p>\u00c9 importante a realiza\u00e7\u00e3o de cuidados no ambiente para reduzir e evitar a exposi\u00e7\u00e3o aos al\u00e9rgenos que sejam gatilhos para as crises. \u201cLavar o nariz com soro fisiol\u00f3gico diariamente e evitar fuma\u00e7as e extremos de temperaturas, como respirar ar gelado, ajudam a gerar menos irrita\u00e7\u00e3o\u201d, destaca Lovato.<\/p>\n\n\n\n<p>A doutora tamb\u00e9m ressalta que se automedicar sem orienta\u00e7\u00e3o m\u00e9dica pr\u00e9via atrasa o in\u00edcio do tratamento correto, podendo agravar o quadro e levar \u00e0 risco de morte, no caso da asma. Por isso, a utiliza\u00e7\u00e3o de medica\u00e7\u00f5es locais, tanto nasais quanto via oral, precisam ser indicadas&nbsp;pelo&nbsp;m\u00e9dico.<\/p>\n","protected":false},"excerpt":{"rendered":"<p>Esta\u00e7\u00f5es do outono e inverno ampliam incid\u00eancia de casos al\u00e9rgicos Durante o outono e o inverno \u00e9 comum que a incid\u00eancia de casos al\u00e9rgicos apare\u00e7a. Segundo a Organiza\u00e7\u00e3o Mundial da Sa\u00fade (OMS), a rinite e a asmas s\u00e3o doen\u00e7as que est\u00e3o presentes em \u00bc dos brasileiros, e de acordo com a OMS a rinite al\u00e9rgica [&hellip;]<\/p>\n","protected":false},"author":1,"featured_media":2640,"comment_status":"open","ping_status":"open","sticky":false,"template":"","format":"standard","meta":{"footnotes":""},"categories":[164],"tags":[],"class_list":["post-2639","post","type-post","status-publish","format-standard","has-post-thumbnail","hentry","category-saude-2"],"_links":{"self":[{"href":"https:\/\/diarioparanaense.com\/index.php?rest_route=\/wp\/v2\/posts\/2639","targetHints":{"allow":["GET"]}}],"collection":[{"href":"https:\/\/diarioparanaense.com\/index.php?rest_route=\/wp\/v2\/posts"}],"about":[{"href":"https:\/\/diarioparanaense.com\/index.php?rest_route=\/wp\/v2\/types\/post"}],"author":[{"embeddable":true,"href":"https:\/\/diarioparanaense.com\/index.php?rest_route=\/wp\/v2\/users\/1"}],"replies":[{"embeddable":true,"href":"https:\/\/diarioparanaense.com\/index.php?rest_route=%2Fwp%2Fv2%2Fcomments&post=2639"}],"version-history":[{"count":1,"href":"https:\/\/diarioparanaense.com\/index.php?rest_route=\/wp\/v2\/posts\/2639\/revisions"}],"predecessor-version":[{"id":2641,"href":"https:\/\/diarioparanaense.com\/index.php?rest_route=\/wp\/v2\/posts\/2639\/revisions\/2641"}],"wp:featuredmedia":[{"embeddable":true,"href":"https:\/\/diarioparanaense.com\/index.php?rest_route=\/wp\/v2\/media\/2640"}],"wp:attachment":[{"href":"https:\/\/diarioparanaense.com\/index.php?rest_route=%2Fwp%2Fv2%2Fmedia&parent=2639"}],"wp:term":[{"taxonomy":"category","embeddable":true,"href":"https:\/\/diarioparanaense.com\/index.php?rest_route=%2Fwp%2Fv2%2Fcategories&post=2639"},{"taxonomy":"post_tag","embeddable":true,"href":"https:\/\/diarioparanaense.com\/index.php?rest_route=%2Fwp%2Fv2%2Ftags&post=2639"}],"curies":[{"name":"wp","href":"https:\/\/api.w.org\/{rel}","templated":true}]}}