{"id":2633,"date":"2024-05-15T11:26:03","date_gmt":"2024-05-15T14:26:03","guid":{"rendered":"https:\/\/diarioparanaense.com\/?p=2633"},"modified":"2024-05-15T11:26:04","modified_gmt":"2024-05-15T14:26:04","slug":"buffet-de-sopas-tem-nova-temporada-no-deville-curitiba","status":"publish","type":"post","link":"https:\/\/diarioparanaense.com\/?p=2633","title":{"rendered":"Buffet de sopas tem nova temporada no Deville Curitiba"},"content":{"rendered":"\n<p>Com os dias quentes se despedindo da cidade, o Hotel Deville Curitiba d\u00e1 in\u00edcio \u00e0 temporada de sopas. O buffet ser\u00e1 servido todas as quartas-feiras, a partir de 15 de maio, das 19h \u00e0s 22h30. E, al\u00e9m dos h\u00f3spedes, o p\u00fablico em geral tamb\u00e9m pode aproveitar as del\u00edcias no Restaurante Alecrim para se esquentar e fazer um programa diferente.<\/p>\n\n\n\n<p>O card\u00e1pio ser\u00e1 variado e foi pensado pelo chef&nbsp;Hilton Ant\u00f4nio da Silva. Para iniciar, antepastos, conservas, torradas, p\u00e3es e pinh\u00e3o cozido, al\u00e9m da canja de galinha que ser\u00e1 fixa todas as semanas. Para completar, uma op\u00e7\u00e3o de caldo, uma de creme e tr\u00eas tipos de sopa. E, para encerrar, uma op\u00e7\u00e3o de doce quente (arroz doce ou canjica) e uma sobremesa.<\/p>\n\n\n\n<p>O valor por pessoa \u00e9 R$ 79,00 + 5% de taxa. Crian\u00e7as menores de 6 anos pagam meia. Mais informa\u00e7\u00f5es por e-mail&nbsp;<a href=\"mailto:recep.cwb@deville.com.br\" target=\"_blank\" rel=\"noreferrer noopener\">recep.cwb@deville.com.br<\/a>&nbsp;ou no&nbsp;WhatsApp (41) 3883-4777.&nbsp;<\/p>\n\n\n\n<p><strong>Sobre o Hotel Deville Curitiba<\/strong><strong><\/strong><\/p>\n\n\n\n<p>Localizado no cora\u00e7\u00e3o da capital paranaense, o Hotel Deville Curitiba est\u00e1 pr\u00f3ximo da Rua das Flores e Rua 24 horas, Pra\u00e7a Rui Barbosa, Pra\u00e7a Os\u00f3rio, e do centro financeiro da&nbsp;cidade. Fica apenas 18 quil\u00f4metros do aeroporto internacional de S\u00e3o Jos\u00e9 dos Pinhais e 3 quil\u00f4metros da rodoferrovi\u00e1ria.&nbsp;<\/p>\n\n\n\n<p>Conta com restaurante e servi\u00e7o de alimenta\u00e7\u00e3o nos quartos, assim como academia 24 horas, servi\u00e7o de lavanderia, internet sem fio gratuita para h\u00f3spedes e clientes. Ainda disponibiliza de 5 espa\u00e7os para eventos que podem comportar at\u00e9 240 pessoas, com estrutura moderna aliada \u00e0 uma equipe altamente especializada para garantir o sucesso dos mais diversos tipos de solenidades e reuni\u00f5es. Al\u00e9m disso, o hotel \u00e9 pet&nbsp;amigo, 100% n\u00e3o fumante, e possui acomoda\u00e7\u00f5es adaptadas para pessoas com defici\u00eancia (PcD).&nbsp;<\/p>\n\n\n\n<p>Mais informa\u00e7\u00f5es sobre o hotel podem ser acessadas no site&nbsp;<a href=\"http:\/\/www.deville.com.br\/\" target=\"_blank\" rel=\"noreferrer noopener\">www.deville.com.br<\/a>&nbsp;<\/p>\n\n\n\n<p>Conecte-se conosco no Facebook e&nbsp;<a href=\"http:\/\/www.instagram.com\/devillesalvador\" target=\"_blank\" rel=\"noreferrer noopener\">@devillecuritiba<\/a>&nbsp;no Twitter e Instagram.&nbsp;&nbsp;<\/p>\n\n\n\n<p><strong>Sobre os Hot\u00e9is Deville<\/strong>&nbsp;<\/p>\n\n\n\n<p>A Rede de Hot\u00e9is Deville come\u00e7ou sua hist\u00f3ria em 1974, na cidade de Curitiba, e desde ent\u00e3o, a rede cresce e se consolida como um dos principais grupos hoteleiros do pa\u00eds, sendo propriet\u00e1ria e administradora dos respectivos hot\u00e9is.&nbsp;<\/p>\n\n\n\n<p>Presente nos estados do Rio Grande do Sul, Paran\u00e1, S\u00e3o Paulo, Mato Grosso do Sul, Mato Grosso e Bahia, atualmente a marca investe e opera 9 hot\u00e9is em territ\u00f3rio nacional. Formada pelas bandeiras Deville Prime, Deville Business, Deville Express e a franquia Marriott S\u00e3o Paulo Airport e o lan\u00e7amento Westin S\u00e3o Paulo, em 2024. Atualmente a rede Deville conta com aproximadamente 1.600 acomoda\u00e7\u00f5es e mais de 1.000 funcion\u00e1rios.&nbsp;<\/p>\n\n\n\n<p>Mais informa\u00e7\u00f5es sobre os hot\u00e9is podem ser acessadas no site\u202f<a href=\"http:\/\/www.deville.com.br\/\" target=\"_blank\" rel=\"noreferrer noopener\">www.deville.com.br<\/a>&nbsp;<\/p>\n\n\n\n<p><br>Conecte-se conosco no Facebook e\u202f<strong>@hoteisdeville<\/strong>\u202fno Twitter e Instagram e TikTok&nbsp;&nbsp;<\/p>\n","protected":false},"excerpt":{"rendered":"<p>Com os dias quentes se despedindo da cidade, o Hotel Deville Curitiba d\u00e1 in\u00edcio \u00e0 temporada de sopas. O buffet ser\u00e1 servido todas as quartas-feiras, a partir de 15 de maio, das 19h \u00e0s 22h30. E, al\u00e9m dos h\u00f3spedes, o p\u00fablico em geral tamb\u00e9m pode aproveitar as del\u00edcias no Restaurante Alecrim para se esquentar e [&hellip;]<\/p>\n","protected":false},"author":1,"featured_media":2634,"comment_status":"open","ping_status":"open","sticky":false,"template":"","format":"standard","meta":{"footnotes":""},"categories":[338],"tags":[],"class_list":["post-2633","post","type-post","status-publish","format-standard","has-post-thumbnail","hentry","category-gastronomia"],"_links":{"self":[{"href":"https:\/\/diarioparanaense.com\/index.php?rest_route=\/wp\/v2\/posts\/2633","targetHints":{"allow":["GET"]}}],"collection":[{"href":"https:\/\/diarioparanaense.com\/index.php?rest_route=\/wp\/v2\/posts"}],"about":[{"href":"https:\/\/diarioparanaense.com\/index.php?rest_route=\/wp\/v2\/types\/post"}],"author":[{"embeddable":true,"href":"https:\/\/diarioparanaense.com\/index.php?rest_route=\/wp\/v2\/users\/1"}],"replies":[{"embeddable":true,"href":"https:\/\/diarioparanaense.com\/index.php?rest_route=%2Fwp%2Fv2%2Fcomments&post=2633"}],"version-history":[{"count":1,"href":"https:\/\/diarioparanaense.com\/index.php?rest_route=\/wp\/v2\/posts\/2633\/revisions"}],"predecessor-version":[{"id":2635,"href":"https:\/\/diarioparanaense.com\/index.php?rest_route=\/wp\/v2\/posts\/2633\/revisions\/2635"}],"wp:featuredmedia":[{"embeddable":true,"href":"https:\/\/diarioparanaense.com\/index.php?rest_route=\/wp\/v2\/media\/2634"}],"wp:attachment":[{"href":"https:\/\/diarioparanaense.com\/index.php?rest_route=%2Fwp%2Fv2%2Fmedia&parent=2633"}],"wp:term":[{"taxonomy":"category","embeddable":true,"href":"https:\/\/diarioparanaense.com\/index.php?rest_route=%2Fwp%2Fv2%2Fcategories&post=2633"},{"taxonomy":"post_tag","embeddable":true,"href":"https:\/\/diarioparanaense.com\/index.php?rest_route=%2Fwp%2Fv2%2Ftags&post=2633"}],"curies":[{"name":"wp","href":"https:\/\/api.w.org\/{rel}","templated":true}]}}