{"id":2626,"date":"2024-05-14T14:57:04","date_gmt":"2024-05-14T17:57:04","guid":{"rendered":"https:\/\/diarioparanaense.com\/?p=2626"},"modified":"2024-05-14T14:57:05","modified_gmt":"2024-05-14T17:57:05","slug":"tem-show-na-pedreira-paulo-leminski-aproveite-para-conhecer-o-que-curitiba-tem-de-melhor","status":"publish","type":"post","link":"https:\/\/diarioparanaense.com\/?p=2626","title":{"rendered":"Tem show na Pedreira Paulo Leminski? Aproveite para conhecer o que Curitiba tem de melhor"},"content":{"rendered":"\n<p class=\"has-medium-font-size\">Um grande festival de m\u00fasica \u00e9 a oportunidade para conhecer ou voltar \u00e0 capital paranaense em maio. Confira dicas para aproveitar as \u00e1reas verdes e a variedade gastron\u00f4mica<\/p>\n\n\n\n<p>O maior espa\u00e7o de shows ao ar livre da Am\u00e9rica Latina fica em Curitiba. O Parque das Pedreiras, no bairro Pilarzinho, tem \u00e1rea total de 103 mil metros quadrados e capacidade para 20 mil pessoas. Em maio, o local se prepara para receber o Festival Coolritiba. Uma grande oportunidade tamb\u00e9m para conferir outras atra\u00e7\u00f5es tur\u00edsticas da capital paranaense.<\/p>\n\n\n\n<p>No dia 18 de maio, com Lulu Santos e Seu Jorge entre os artistas confirmados, a Pedreira recebe o Festival Coolritiba, realizado desde 2017 na capital. Al\u00e9m de trazer grandes nomes da cena musical nacional e internacional, o evento se destaca pela sustentabilidade, com neutralidade de carbono e reciclagem de res\u00edduos. Os ingressos custam a partir de R$ 290.<\/p>\n\n\n\n<p class=\"has-medium-font-size\">Curitiba no mapa dos destinos culturais<\/p>\n\n\n\n<p>Para o CEO do Parque das Pedreiras, Helio Pimentel, a realiza\u00e7\u00e3o de eventos desse porte fixam a cidade de Curitiba como um dos principais destinos culturais do pa\u00eds. De acordo com a prefeitura da capital, a cidade j\u00e1 chegou a receber p\u00fablico de 54 pa\u00edses diferentes em festivais e shows de bandas internacionais.<\/p>\n\n\n\n<p>E a reabertura da Pedreira, em 2014, tem grande participa\u00e7\u00e3o nesse resultado. \u201cAp\u00f3s a reabertura da Pedreira, Curitiba se tornou a segunda cidade do Brasil a sediar grandes shows nacionais e internacionais. Excluindo Rock In Rio, s\u00f3 perdemos para S\u00e3o Paulo\u201d, afirma Pimentel, que tamb\u00e9m \u00e9 s\u00f3cio da DC Set Group, concession\u00e1ria do Parque das Pedreiras.<\/p>\n\n\n\n<p class=\"has-medium-font-size\">Al\u00e9m da m\u00fasica, o verde<\/p>\n\n\n\n<p>Os turistas de eventos podem at\u00e9 ser atra\u00eddos pelos line-ups e grandes atra\u00e7\u00f5es dos shows e festivais, mas Curitiba tem ainda mais a oferecer a quem chega. Conhecida como capital ecol\u00f3gica, a cidade foi eleita a mais sustent\u00e1vel da Am\u00e9rica Latina em 2022. Muito disso deve-se \u00e0 infraestrutura verde.<\/p>\n\n\n\n<p>Pela quantidade de \u00e1reas preservadas, a cidade conta com cerca de 60 metros quadrados de \u00e1rea verde por habitante. Entre esses espa\u00e7os, h\u00e1 reservas privadas e mais de 40 parques e unidades de conserva\u00e7\u00e3o que podem ser utilizados para a pr\u00e1tica esportiva e para o lazer e contempla\u00e7\u00e3o.<\/p>\n\n\n\n<p>Os mais famosos s\u00e3o os parques Barigui e Tangu\u00e1, al\u00e9m do Jardim Bot\u00e2nico de Curitiba. No entanto, h\u00e1 outros mais pr\u00f3ximos da \u00e1rea do Parque das Pedreiras, como os parques Tingui e S\u00e3o Louren\u00e7o, que valem a visita.<\/p>\n\n\n\n<p class=\"has-medium-font-size\">Gastronomia e arquitetura<\/p>\n\n\n\n<p>Ao redor da \u00e1rea de shows, tamb\u00e9m \u00e9 poss\u00edvel encontrar grande variedade de op\u00e7\u00f5es gastron\u00f4micas, que v\u00e3o de frutos do mar a massas e pizzas, passando por comidas de boteco e sobremesas, caf\u00e9s e doces.<\/p>\n\n\n\n<p>Um dos restaurantes mais pr\u00f3ximos do local \u00e9 o \u00d3pera Arte, ao lado da Pedreira Paulo Leminski. A pr\u00f3pria \u00d3pera de Arame, estrutura inaugurada em 1992, \u00e9 um atrativo \u00e0 parte e chama a aten\u00e7\u00e3o pela arquitetura de metal e vidro.<\/p>\n\n\n\n<p>Al\u00e9m do espa\u00e7o de palco e plateia, que abriga pe\u00e7as de teatro e shows, a \u00d3pera tem um palco flutuante. A visita\u00e7\u00e3o acontece de ter\u00e7a a domingo, das 10h \u00e0s 18h, com ingressos a R$ 7,50 (meia) e R$ 15 (inteira).<\/p>\n\n\n\n<p class=\"has-medium-font-size\">Para chegar e se deslocar<\/p>\n\n\n\n<p>Curitiba conta com diversas linhas de \u00f4nibus para chegar \u00e0 Pedreira Paulo Leminski, como a Nilo Pe\u00e7anha, Mateus Leme, Linha Turismo e Interbairros II. Em algumas oportunidades, a cidade oferece o transporte p\u00fablico gratuito para o retorno dos shows at\u00e9 o Centro. A consulta das linhas e hor\u00e1rios pode ser feita diretamente no site da URBS, respons\u00e1vel pelo sistema.<\/p>\n\n\n\n<p>Tamb\u00e9m \u00e9 poss\u00edvel contar com os t\u00e1xis e carros de aplicativo, que operam na cidade. Se a ideia \u00e9 conhecer outras \u00e1reas e espa\u00e7os culturais, a Linha Turismo pode ser uma boa op\u00e7\u00e3o, com tarifa a R$ 50,00.<\/p>\n\n\n\n<p class=\"has-medium-font-size\">Casaco e capa de chuva sempre \u00e0 m\u00e3o<\/p>\n\n\n\n<p>Quem conhece a fama da capital paranaense j\u00e1 sabe: no mesmo dia \u00e9 poss\u00edvel enfrentar diversas condi\u00e7\u00f5es clim\u00e1ticas. Ent\u00e3o, a dica \u00e9 sempre utilizar o protetor solar para os hor\u00e1rios de sol, al\u00e9m de carregar um casaco leve e uma capa de chuva, que ser\u00e3o \u00fateis caso as temperaturas baixem e, tamb\u00e9m, caso chova durante&nbsp;os&nbsp;shows.<\/p>\n","protected":false},"excerpt":{"rendered":"<p>Um grande festival de m\u00fasica \u00e9 a oportunidade para conhecer ou voltar \u00e0 capital paranaense em maio. Confira dicas para aproveitar as \u00e1reas verdes e a variedade gastron\u00f4mica O maior espa\u00e7o de shows ao ar livre da Am\u00e9rica Latina fica em Curitiba. O Parque das Pedreiras, no bairro Pilarzinho, tem \u00e1rea total de 103 mil [&hellip;]<\/p>\n","protected":false},"author":1,"featured_media":2628,"comment_status":"open","ping_status":"open","sticky":false,"template":"","format":"standard","meta":{"footnotes":""},"categories":[27],"tags":[],"class_list":["post-2626","post","type-post","status-publish","format-standard","has-post-thumbnail","hentry","category-musica"],"_links":{"self":[{"href":"https:\/\/diarioparanaense.com\/index.php?rest_route=\/wp\/v2\/posts\/2626","targetHints":{"allow":["GET"]}}],"collection":[{"href":"https:\/\/diarioparanaense.com\/index.php?rest_route=\/wp\/v2\/posts"}],"about":[{"href":"https:\/\/diarioparanaense.com\/index.php?rest_route=\/wp\/v2\/types\/post"}],"author":[{"embeddable":true,"href":"https:\/\/diarioparanaense.com\/index.php?rest_route=\/wp\/v2\/users\/1"}],"replies":[{"embeddable":true,"href":"https:\/\/diarioparanaense.com\/index.php?rest_route=%2Fwp%2Fv2%2Fcomments&post=2626"}],"version-history":[{"count":1,"href":"https:\/\/diarioparanaense.com\/index.php?rest_route=\/wp\/v2\/posts\/2626\/revisions"}],"predecessor-version":[{"id":2629,"href":"https:\/\/diarioparanaense.com\/index.php?rest_route=\/wp\/v2\/posts\/2626\/revisions\/2629"}],"wp:featuredmedia":[{"embeddable":true,"href":"https:\/\/diarioparanaense.com\/index.php?rest_route=\/wp\/v2\/media\/2628"}],"wp:attachment":[{"href":"https:\/\/diarioparanaense.com\/index.php?rest_route=%2Fwp%2Fv2%2Fmedia&parent=2626"}],"wp:term":[{"taxonomy":"category","embeddable":true,"href":"https:\/\/diarioparanaense.com\/index.php?rest_route=%2Fwp%2Fv2%2Fcategories&post=2626"},{"taxonomy":"post_tag","embeddable":true,"href":"https:\/\/diarioparanaense.com\/index.php?rest_route=%2Fwp%2Fv2%2Ftags&post=2626"}],"curies":[{"name":"wp","href":"https:\/\/api.w.org\/{rel}","templated":true}]}}