{"id":2623,"date":"2024-05-13T14:03:57","date_gmt":"2024-05-13T17:03:57","guid":{"rendered":"https:\/\/diarioparanaense.com\/?p=2623"},"modified":"2024-05-13T14:03:57","modified_gmt":"2024-05-13T17:03:57","slug":"brasil-e-o-terceiro-pais-em-ranking-mundial-de-consumo-das-redes-sociais","status":"publish","type":"post","link":"https:\/\/diarioparanaense.com\/?p=2623","title":{"rendered":"Brasil \u00e9 o terceiro pa\u00eds em ranking mundial de consumo das redes sociais"},"content":{"rendered":"\n<p class=\"has-medium-font-size\">O WhatsApp \u00e9 o aplicativo mais utilizado entre os brasileiros &#8211; segundo maior p\u00fablico dessa plataforma em todo o mundo<\/p>\n\n\n\n<p>Estudos recentes da Comscore, empresa dos Estados Unidos de an\u00e1lise da internet, apontam que o Brasil \u00e9 o terceiro pa\u00eds que mais consome redes sociais no mundo &#8211; atr\u00e1s da \u00cdndia e Indon\u00e9sia. O WhatsApp \u00e9 o aplicativo mais utilizado pelos brasileiros, abaixo apenas da \u00cdndia na utiliza\u00e7\u00e3o dessa plataforma, de acordo com n\u00fameros da Mobile Time em 2022.<\/p>\n\n\n\n<p>Dentro desse cen\u00e1rio, as escolas t\u00eam enfrentado desafios na hora de se comunicar com as fam\u00edlias. Grupos de WhatsApp de pais e respons\u00e1veis aumentaram e tornaram recorrentes algumas discord\u00e2ncias na comunidade acad\u00eamica. As educadoras e especialistas na rela\u00e7\u00e3o escola-fam\u00edlia, Ta\u00eds e Roberta Bento, ir\u00e3o realizar uma palestra no dia 28 de maio, no Teatro Bom Jesus, em Curitiba, para falar sobre como lidar com esse tema em tempos de grupos a partir de fundamentos da neuroci\u00eancia.<\/p>\n\n\n\n<p>A educadora Roberta aponta que \u00e9 preciso entender quais quest\u00f5es que, de fato, preocupam e geram estresse para os pais, m\u00e3es, cuidadores respons\u00e1veis por crian\u00e7as e adolescentes nascidos na era digital. \u201c\u00c9 importante ter esse conhecimento para compreender quais recursos utilizar de forma que n\u00e3o sobrecarregue ainda mais a equipe de gest\u00e3o na escola, e garantir um maior v\u00ednculo com os respons\u00e1veis\u201d, conta.<\/p>\n\n\n\n<p>Para entender se a interfer\u00eancia da tecnologia nessa rela\u00e7\u00e3o ser\u00e1 positiva ou negativa \u00e9 preciso verificar as a\u00e7\u00f5es que a escola pode tomar, como por exemplo: criar um grupo sem troca de mensagens; definir regras claras no grupo; pedir sigilo de dados pessoais; n\u00e3o misturar assuntos; e acompanhar a taxa de leitura.<\/p>\n\n\n\n<p>\u201cPara essa palestra n\u00f3s iremos levar resultados de pesquisas recentes da neuroci\u00eancia cognitiva sobre os desafios que as fam\u00edlias enfrentam na educa\u00e7\u00e3o dos filhos, e como acabam por gerar desgaste na sa\u00fade mental dos professores e gestores. N\u00e3o h\u00e1 uma resposta \u00fanica para os obst\u00e1culos que a educa\u00e7\u00e3o enfrenta. H\u00e1 caminhos a serem trilhados a partir da forma\u00e7\u00e3o de novas parcerias, que tornam todos os atores da educa\u00e7\u00e3o mais fortes\u201d, explica Ta\u00eds.<\/p>\n\n\n\n<p><strong>Servi\u00e7o<\/strong>:<br><strong>Evento<\/strong>: <strong>Como lidar com a rela\u00e7\u00e3o escola-fam\u00edlia em tempos de grupo de whatsapp, a partir de fundamentos da neuroci\u00eancia &#8211; Ta\u00eds e Roberta Bento<\/strong><br><strong>Endere\u00e7o<\/strong>: Teatro Bom Jesus<br><strong>Data<\/strong>: 28\/05 (ter\u00e7a-feira)<br><strong>Hor\u00e1rio<\/strong>: das 19h30 \u00e0s 21h30<br><strong>Vagas limitadas! Para se inscrever:<\/strong> <a href=\"https:\/\/sinepepr.tcsdigital.com.br\/DIGITAL\/inscricoes\/evento3.aspx?evento=2024\/5-4&amp;idativa=1\">https:\/\/sinepepr.tcsdigital.com.br\/DIGITAL\/inscricoes\/evento3.aspx?evento=2024\/5-4&amp;idativa=1<\/a><br>Entrada gratuita e aberta para professores e gestores da rede p\u00fablica e privada.<br><strong>Obs<\/strong>.: para acesso ao evento \u00e9 obrigat\u00f3ria a entrega do comprovante\u00a0de\u00a0inscri\u00e7\u00e3o.<\/p>\n","protected":false},"excerpt":{"rendered":"<p>O WhatsApp \u00e9 o aplicativo mais utilizado entre os brasileiros &#8211; segundo maior p\u00fablico dessa plataforma em todo o mundo Estudos recentes da Comscore, empresa dos Estados Unidos de an\u00e1lise da internet, apontam que o Brasil \u00e9 o terceiro pa\u00eds que mais consome redes sociais no mundo &#8211; atr\u00e1s da \u00cdndia e Indon\u00e9sia. O WhatsApp [&hellip;]<\/p>\n","protected":false},"author":1,"featured_media":2624,"comment_status":"open","ping_status":"open","sticky":false,"template":"","format":"standard","meta":{"footnotes":""},"categories":[29],"tags":[],"class_list":["post-2623","post","type-post","status-publish","format-standard","has-post-thumbnail","hentry","category-artigos"],"_links":{"self":[{"href":"https:\/\/diarioparanaense.com\/index.php?rest_route=\/wp\/v2\/posts\/2623","targetHints":{"allow":["GET"]}}],"collection":[{"href":"https:\/\/diarioparanaense.com\/index.php?rest_route=\/wp\/v2\/posts"}],"about":[{"href":"https:\/\/diarioparanaense.com\/index.php?rest_route=\/wp\/v2\/types\/post"}],"author":[{"embeddable":true,"href":"https:\/\/diarioparanaense.com\/index.php?rest_route=\/wp\/v2\/users\/1"}],"replies":[{"embeddable":true,"href":"https:\/\/diarioparanaense.com\/index.php?rest_route=%2Fwp%2Fv2%2Fcomments&post=2623"}],"version-history":[{"count":1,"href":"https:\/\/diarioparanaense.com\/index.php?rest_route=\/wp\/v2\/posts\/2623\/revisions"}],"predecessor-version":[{"id":2625,"href":"https:\/\/diarioparanaense.com\/index.php?rest_route=\/wp\/v2\/posts\/2623\/revisions\/2625"}],"wp:featuredmedia":[{"embeddable":true,"href":"https:\/\/diarioparanaense.com\/index.php?rest_route=\/wp\/v2\/media\/2624"}],"wp:attachment":[{"href":"https:\/\/diarioparanaense.com\/index.php?rest_route=%2Fwp%2Fv2%2Fmedia&parent=2623"}],"wp:term":[{"taxonomy":"category","embeddable":true,"href":"https:\/\/diarioparanaense.com\/index.php?rest_route=%2Fwp%2Fv2%2Fcategories&post=2623"},{"taxonomy":"post_tag","embeddable":true,"href":"https:\/\/diarioparanaense.com\/index.php?rest_route=%2Fwp%2Fv2%2Ftags&post=2623"}],"curies":[{"name":"wp","href":"https:\/\/api.w.org\/{rel}","templated":true}]}}