{"id":2614,"date":"2024-05-13T10:27:09","date_gmt":"2024-05-13T13:27:09","guid":{"rendered":"https:\/\/diarioparanaense.com\/?p=2614"},"modified":"2024-05-13T10:27:10","modified_gmt":"2024-05-13T13:27:10","slug":"o-que-sao-ototoxicos-e-quais-seus-danos-a-audicao","status":"publish","type":"post","link":"https:\/\/diarioparanaense.com\/?p=2614","title":{"rendered":"O que s\u00e3o otot\u00f3xicos e quais seus danos a audi\u00e7\u00e3o"},"content":{"rendered":"\n<p class=\"has-medium-font-size\">Como a sa\u00fade auditiva pode ser danificada sem a presen\u00e7a de um ru\u00eddo sequer<\/p>\n\n\n\n<p>Existem ambientes de trabalho que apresentam riscos aos seus funcion\u00e1rios, disso todos j\u00e1 sabemos, por\u00e9m proteger os ouvidos e ter uma perda auditiva da mesma forma \u00e9 algo peculiar \u00e9 isso que fazem os otot\u00f3xicos, produtos qu\u00edmicos capazes de causar danos \u00e0 audi\u00e7\u00e3o, representam uma preocupa\u00e7\u00e3o crescente no campo da sa\u00fade ocupacional pois a perda auditiva normalmente \u00e9 relacionada \u00e0 exposi\u00e7\u00e3o ao ru\u00eddo, o que faz a empresa tomar medidas de seguran\u00e7a diferentes das realmente necess\u00e1rias, n\u00e3o resolvendo o problema efetivamente.<\/p>\n\n\n\n<p>Estas subst\u00e2ncias podem atingir o organismo humano por inala\u00e7\u00e3o, ingest\u00e3o ou absor\u00e7\u00e3o cut\u00e2nea, e seus efeitos nocivos dependem da frequ\u00eancia, intensidade e dura\u00e7\u00e3o da exposi\u00e7\u00e3o, al\u00e9m de coisas como idade e redu\u00e7\u00f5es auditivas pr\u00e9 existentes. &#8220;Os danos provocados por estes agentes v\u00e3o al\u00e9m da diminui\u00e7\u00e3o da sensibilidade auditiva, podendo afetar gravemente a capacidade de discrimina\u00e7\u00e3o sonora. Isso significa que, mesmo em volumes mais altos, os sons podem perder clareza, complicando a compreens\u00e3o de vozes em meio a ru\u00eddos, o que \u00e9 especialmente perigoso caso a pessoa trabalhe em ambientes de risco onde o som \u00e9 um alerta para poss\u00edveis perigos&#8221;, diz o otorrinolaringologista Diego Augusto de Brito Malucelli.<\/p>\n\n\n\n<p>Os otot\u00f3xicos s\u00e3o classificados em tr\u00eas categorias, de acordo com a \u00e1rea da audi\u00e7\u00e3o que afetam: neurot\u00f3xicos, que danificam as fibras nervosas; cocleot\u00f3xicos, que prejudicam as c\u00e9lulas ciliadas da c\u00f3clea respons\u00e1veis pela audi\u00e7\u00e3o; e vestibulot\u00f3xicos, que impactam as c\u00e9lulas ciliadas dos \u00f3rg\u00e3os de equil\u00edbrio. O perigo \u00e9 ainda maior em locais como metal\u00fargicas, por exemplo, onde a exposi\u00e7\u00e3o tanto aos otot\u00f3xicos quanto aos ru\u00eddos simultaneamente causam danos ainda mais graves.<\/p>\n\n\n\n<p>Entre os otot\u00f3xicos mais conhecidos est\u00e3o certos medicamentos, como antibi\u00f3ticos, aminoglicos\u00eddeos e diur\u00e9ticos de al\u00e7a, al\u00e9m de solventes industriais e metais pesados. &#8220;Por\u00e9m mesmo sendo not\u00f3rios identificar a ototoxicidade como causa da perda auditiva ainda \u00e9 um desafio, j\u00e1 que testes audiom\u00e9tricos padr\u00f5es n\u00e3o distinguem as fontes da deteriora\u00e7\u00e3o auditiva, sejam elas por ru\u00eddo ou exposi\u00e7\u00e3o a produtos qu\u00edmicos&#8221;, diz o especialista.<\/p>\n\n\n\n<p>Portanto, o conhecimento e a preven\u00e7\u00e3o s\u00e3o essenciais no combate dos otot\u00f3xicos. Adotar medidas de seguran\u00e7a, utilizar equipamentos de prote\u00e7\u00e3o n\u00e3o apenas contra ru\u00eddos e promover o monitoramento da sa\u00fade auditiva dos trabalhadores s\u00e3o passos fundamentais para proteger a audi\u00e7\u00e3o e garantir um ambiente de trabalho mais seguro.<\/p>\n\n\n\n<p><strong>Diego Augusto de Brito Malucelli<br><\/strong>Otorrinolaringologia<br>CRM\/PR: 19421 | RQE: 12325 |<br>(41) 3335-0302<br>atendimento@otorrinoscuritiba.com.br<br><a href=\"http:\/\/www.otorrinoscentro.com.br\">www.otorrinoscentro.com.br<br><\/a>Rua Doutor Roberto Barroso , 1381<\/p>\n\n\n\n<p>Servi\u00e7o: Fonocenter Batel Aparelhos Auditivos LTDA<br>Iva Lanzarini Fonoaudi\u00f3loga<br>(41) 3078-3500<br>@fonocentercwb<br>contato@fonocentercuritiba.com.br<br><a href=\"http:\/\/www.fonocentercuritiba.com.br\">www.fonocentercuritiba.com.br<br><\/a>Rua Dep. Ant\u00f4nio Baby, 72 &#8211; Batel Curitiba,\u00a0PR\u00a0&#8211;\u00a080240-370<\/p>\n","protected":false},"excerpt":{"rendered":"<p>Como a sa\u00fade auditiva pode ser danificada sem a presen\u00e7a de um ru\u00eddo sequer Existem ambientes de trabalho que apresentam riscos aos seus funcion\u00e1rios, disso todos j\u00e1 sabemos, por\u00e9m proteger os ouvidos e ter uma perda auditiva da mesma forma \u00e9 algo peculiar \u00e9 isso que fazem os otot\u00f3xicos, produtos qu\u00edmicos capazes de causar danos [&hellip;]<\/p>\n","protected":false},"author":1,"featured_media":2616,"comment_status":"open","ping_status":"open","sticky":false,"template":"","format":"standard","meta":{"footnotes":""},"categories":[164],"tags":[],"class_list":["post-2614","post","type-post","status-publish","format-standard","has-post-thumbnail","hentry","category-saude-2"],"_links":{"self":[{"href":"https:\/\/diarioparanaense.com\/index.php?rest_route=\/wp\/v2\/posts\/2614","targetHints":{"allow":["GET"]}}],"collection":[{"href":"https:\/\/diarioparanaense.com\/index.php?rest_route=\/wp\/v2\/posts"}],"about":[{"href":"https:\/\/diarioparanaense.com\/index.php?rest_route=\/wp\/v2\/types\/post"}],"author":[{"embeddable":true,"href":"https:\/\/diarioparanaense.com\/index.php?rest_route=\/wp\/v2\/users\/1"}],"replies":[{"embeddable":true,"href":"https:\/\/diarioparanaense.com\/index.php?rest_route=%2Fwp%2Fv2%2Fcomments&post=2614"}],"version-history":[{"count":1,"href":"https:\/\/diarioparanaense.com\/index.php?rest_route=\/wp\/v2\/posts\/2614\/revisions"}],"predecessor-version":[{"id":2617,"href":"https:\/\/diarioparanaense.com\/index.php?rest_route=\/wp\/v2\/posts\/2614\/revisions\/2617"}],"wp:featuredmedia":[{"embeddable":true,"href":"https:\/\/diarioparanaense.com\/index.php?rest_route=\/wp\/v2\/media\/2616"}],"wp:attachment":[{"href":"https:\/\/diarioparanaense.com\/index.php?rest_route=%2Fwp%2Fv2%2Fmedia&parent=2614"}],"wp:term":[{"taxonomy":"category","embeddable":true,"href":"https:\/\/diarioparanaense.com\/index.php?rest_route=%2Fwp%2Fv2%2Fcategories&post=2614"},{"taxonomy":"post_tag","embeddable":true,"href":"https:\/\/diarioparanaense.com\/index.php?rest_route=%2Fwp%2Fv2%2Ftags&post=2614"}],"curies":[{"name":"wp","href":"https:\/\/api.w.org\/{rel}","templated":true}]}}