{"id":2609,"date":"2024-05-10T14:07:32","date_gmt":"2024-05-10T17:07:32","guid":{"rendered":"https:\/\/diarioparanaense.com\/?p=2609"},"modified":"2024-05-10T14:07:33","modified_gmt":"2024-05-10T17:07:33","slug":"criadores-de-conteudo-a-nova-profissao-da-atualidade","status":"publish","type":"post","link":"https:\/\/diarioparanaense.com\/?p=2609","title":{"rendered":"Criadores de conte\u00fado a nova profiss\u00e3o da atualidade"},"content":{"rendered":"\n<p class=\"has-medium-font-size\">Aprendendo a fazer v\u00eddeos com gigantes da internet como Cau\u00ea Moura<\/p>\n\n\n\n<p>Com a evolu\u00e7\u00e3o da tecnologia e a populariza\u00e7\u00e3o dos equipamentos de v\u00eddeo, surgiu uma nova profiss\u00e3o que est\u00e1 revolucionando o mercado: o criador de conte\u00fado. Anteriormente conhecido como videomaker, esse profissional era respons\u00e1vel por diversos processos na produ\u00e7\u00e3o audiovisual, desde a capta\u00e7\u00e3o at\u00e9 a finaliza\u00e7\u00e3o. No entanto, com o surgimento das redes sociais, novas oportunidades de trabalho foram criadas, e uma delas \u00e9 a de criador de conte\u00fado.<\/p>\n\n\n\n<p>Mas afinal, o que faz esse profissional? &#8220;Assim como o videomaker, o criador de conte\u00fado participa de todos os processos da produ\u00e7\u00e3o audiovisual. Como o engajamento dos v\u00eddeos nas redes sociais \u00e9 cada vez mais importante, \u00e9 normal que quem trabalha com as \u00e1reas de v\u00eddeo ou foto tamb\u00e9m estejam envolvidos na produ\u00e7\u00e3o do conte\u00fado. Isso inclui desde o planejamento at\u00e9 a execu\u00e7\u00e3o e manuten\u00e7\u00e3o de um projeto&#8221;, responde Guilherme Ogg diretor de estrat\u00e9gia e expans\u00e3o do Est\u00fadio 42.<\/p>\n\n\n<div class=\"wp-block-image\">\n<figure class=\"aligncenter size-full\"><img loading=\"lazy\" decoding=\"async\" width=\"800\" height=\"450\" src=\"https:\/\/diarioparanaense.com\/wp-content\/uploads\/2024\/05\/1005242.jpg\" alt=\"\" class=\"wp-image-2611\" srcset=\"https:\/\/diarioparanaense.com\/wp-content\/uploads\/2024\/05\/1005242.jpg 800w, https:\/\/diarioparanaense.com\/wp-content\/uploads\/2024\/05\/1005242-300x169.jpg 300w, https:\/\/diarioparanaense.com\/wp-content\/uploads\/2024\/05\/1005242-768x432.jpg 768w, https:\/\/diarioparanaense.com\/wp-content\/uploads\/2024\/05\/1005242-696x392.jpg 696w, https:\/\/diarioparanaense.com\/wp-content\/uploads\/2024\/05\/1005242-747x420.jpg 747w\" sizes=\"auto, (max-width: 800px) 100vw, 800px\" \/><\/figure><\/div>\n\n\n<p>Empresas como o Est\u00fadio 42 desempenham um papel fundamental nesse processo, fazendo a p\u00f3s-produ\u00e7\u00e3o dos materiais brutos, incluindo edi\u00e7\u00e3o, anima\u00e7\u00e3o, efeitos sonoros e visuais. Um exemplo disso \u00e9 a nova s\u00e9rie de v\u00eddeos &#8220;Vis\u00e3o Popular&#8221; do Cau\u00ea Moura contando com a parceria da equipe do Est\u00fadio, tendo um formato semelhante ao do canal &#8220;Nerdologia&#8221;. O objetivo \u00e9 apresentar fatos e curiosidades hist\u00f3ricas de uma forma interessante e envolvente, com uma edi\u00e7\u00e3o din\u00e2mica e divertida.<\/p>\n\n\n\n<p>As marcas e empresas est\u00e3o adorando essa nova tend\u00eancia, pois al\u00e9m da produ\u00e7\u00e3o de conte\u00fados pr\u00f3prios \u00e9 poss\u00edvel atuar no ramo empresarial criando campanhas de marketing e publicidade que atendem \u00e0s demandas do mercado.<\/p>\n\n\n\n<p>Segundo dados da eMarketer e da CMI Marketing Research, o mercado de an\u00fancios em v\u00eddeo no YouTube est\u00e1 em decl\u00ednio, com uma queda anual de 30%. Al\u00e9m disso, 73% dos profissionais de marketing afirmam que o conte\u00fado envolvente \u00e9 a prioridade n\u00famero um para as empresas. \u00c9 nesse contexto que o criador de conte\u00fado entra em a\u00e7\u00e3o.<\/p>\n\n\n\n<p>Mas como adentrar esse novo mercado que est\u00e1 t\u00e3o novo? Plataformas como a Content Academy s\u00e3o uma boa resposta para essa pergunta. Como n\u00e3o existe uma faculdade para este tipo de profiss\u00e3o a melhor forma de aprender seria com pessoas j\u00e1 experientes neste meio, o Est\u00fadio 42 teve essa iniciativa de unir um grupo de profissionais j\u00e1 bem estabelecidos em seus nichos para repassar seus conhecimentos, sejam eles sobre edi\u00e7\u00e3o, jornalismo independente, storytelling e at\u00e9 mesmo linguagem audiovisual, assim criando um ambiente hol\u00edstico de ensino.<\/p>\n\n\n\n<p>Pois para ser criador de conte\u00fado \u00e9 necess\u00e1rio entender e produzir para diferentes plataformas e em diversos formatos. Al\u00e9m disso, \u00e9 essencial gerar engajamento, pois a audi\u00eancia \u00e9 a sua comunidade. Ser eficiente e respeitar a velocidade de cada rede social tamb\u00e9m s\u00e3o caracter\u00edsticas importantes desse profissional. Muitas vezes, o criador de conte\u00fado trabalha sozinho e precisa lidar com imprevistos, por isso a organiza\u00e7\u00e3o \u00e9 fundamental. No entanto, dependendo do tamanho do projeto, tamb\u00e9m \u00e9 poss\u00edvel trabalhar em equipe.<\/p>\n\n\n\n<p>Os influenciadores digitais t\u00eam o poder de influenciar outras pessoas a comprar determinados servi\u00e7os ou produtos, com o apoio de seus f\u00e3s e seguidores nas redes sociais. Por outro lado, os criadores de conte\u00fado digital se preocupam em compartilhar conte\u00fados relevantes para ajudar e inspirar outras pessoas. Eles n\u00e3o apenas influenciam na compra de algo, mas tamb\u00e9m criam conex\u00f5es, promovem causas relevantes e expandem oportunidades para seu p\u00fablico.<\/p>\n\n\n\n<p><strong>Servi\u00e7o: Content Academy<br>Guilherme Ogg<br><\/strong>S\u00f3cio da Est\u00fadio 42<br>(41) 3023-1599<br>@estudio42 | @contentacademybr<br>Est\u00fadio 42 | Content Academy<br>contato@estudio42.com.br <a href=\"http:\/\/www.estudio42.com.br www.contentacademy.com.br\">www.estudio42.com.br www.contentacademy.com.br<\/a><br>Av. Jo\u00e3o Gualberto, 1740 &#8211; 8\u00ba\u00a0Andar\u00a0&#8211;\u00a0Juvev\u00ea<\/p>\n","protected":false},"excerpt":{"rendered":"<p>Aprendendo a fazer v\u00eddeos com gigantes da internet como Cau\u00ea Moura Com a evolu\u00e7\u00e3o da tecnologia e a populariza\u00e7\u00e3o dos equipamentos de v\u00eddeo, surgiu uma nova profiss\u00e3o que est\u00e1 revolucionando o mercado: o criador de conte\u00fado. Anteriormente conhecido como videomaker, esse profissional era respons\u00e1vel por diversos processos na produ\u00e7\u00e3o audiovisual, desde a capta\u00e7\u00e3o at\u00e9 a [&hellip;]<\/p>\n","protected":false},"author":1,"featured_media":2610,"comment_status":"open","ping_status":"open","sticky":false,"template":"","format":"standard","meta":{"footnotes":""},"categories":[138,324],"tags":[],"class_list":["post-2609","post","type-post","status-publish","format-standard","has-post-thumbnail","hentry","category-internet","category-negocios"],"_links":{"self":[{"href":"https:\/\/diarioparanaense.com\/index.php?rest_route=\/wp\/v2\/posts\/2609","targetHints":{"allow":["GET"]}}],"collection":[{"href":"https:\/\/diarioparanaense.com\/index.php?rest_route=\/wp\/v2\/posts"}],"about":[{"href":"https:\/\/diarioparanaense.com\/index.php?rest_route=\/wp\/v2\/types\/post"}],"author":[{"embeddable":true,"href":"https:\/\/diarioparanaense.com\/index.php?rest_route=\/wp\/v2\/users\/1"}],"replies":[{"embeddable":true,"href":"https:\/\/diarioparanaense.com\/index.php?rest_route=%2Fwp%2Fv2%2Fcomments&post=2609"}],"version-history":[{"count":1,"href":"https:\/\/diarioparanaense.com\/index.php?rest_route=\/wp\/v2\/posts\/2609\/revisions"}],"predecessor-version":[{"id":2612,"href":"https:\/\/diarioparanaense.com\/index.php?rest_route=\/wp\/v2\/posts\/2609\/revisions\/2612"}],"wp:featuredmedia":[{"embeddable":true,"href":"https:\/\/diarioparanaense.com\/index.php?rest_route=\/wp\/v2\/media\/2610"}],"wp:attachment":[{"href":"https:\/\/diarioparanaense.com\/index.php?rest_route=%2Fwp%2Fv2%2Fmedia&parent=2609"}],"wp:term":[{"taxonomy":"category","embeddable":true,"href":"https:\/\/diarioparanaense.com\/index.php?rest_route=%2Fwp%2Fv2%2Fcategories&post=2609"},{"taxonomy":"post_tag","embeddable":true,"href":"https:\/\/diarioparanaense.com\/index.php?rest_route=%2Fwp%2Fv2%2Ftags&post=2609"}],"curies":[{"name":"wp","href":"https:\/\/api.w.org\/{rel}","templated":true}]}}