{"id":2606,"date":"2024-05-09T11:35:08","date_gmt":"2024-05-09T14:35:08","guid":{"rendered":"https:\/\/diarioparanaense.com\/?p=2606"},"modified":"2024-05-09T11:35:09","modified_gmt":"2024-05-09T14:35:09","slug":"as-pessoas-querem-saber-de-pessoas","status":"publish","type":"post","link":"https:\/\/diarioparanaense.com\/?p=2606","title":{"rendered":"As pessoas querem saber de pessoas"},"content":{"rendered":"\n<p class=\"has-medium-font-size\">Andr\u00e9 Pimentel<\/p>\n\n\n\n<p>No m\u00eas passado completei mais um ano de vida e ao expressar minha gratid\u00e3o \u00e0s in\u00fameras mensagens<br>recebidas, pude perceber quanto interesse desperta uma publica\u00e7\u00e3o de cunho pessoal frente a in\u00fameras postagens corporativas, por mais elaboradas e sofisticadas que sejam.<\/p>\n\n\n\n<p>As pessoas s\u00e3o naturalmente atra\u00eddas por narrativas que refletem suas pr\u00f3prias experi\u00eancias, emo\u00e7\u00f5es e desejos. Um post que conta a hist\u00f3ria de um indiv\u00edduo ou de uma fam\u00edlia traz consigo uma camada de autenticidade e veracidade que \u00e9 dif\u00edcil de replicar em conte\u00fados focados em produtos ou servi\u00e7os. Essas hist\u00f3rias pessoais t\u00eam o poder de tocar o cora\u00e7\u00e3o, gerar empatia e criar uma conex\u00e3o emocional que transcende o mero interesse comercial.<\/p>\n\n\n\n<p class=\"has-medium-font-size\">As pessoas querem saber de pessoas!<\/p>\n\n\n\n<p>Um lugar onde cada posto de trabalho conta uma hist\u00f3ria e cada reuni\u00e3o \u00e9 uma chance de compartilhar sonhos e desafios importa muito mais do que qualquer relat\u00f3rio ou gr\u00e1fico. No cora\u00e7\u00e3o do mundo corporativo, pulsa o desejo por conex\u00f5es verdadeiras, por momentos que nos lembram que, antes de sermos colegas, somos humanos.<\/p>\n\n\n\n<p>Quando uma empresa decide mostrar quem realmente s\u00e3o seus funcion\u00e1rios, ela revela mais do que rostos sorridentes em fotos de perfil. Ela traz a tona as singelas m\u00e3os que tremem antes de uma apresenta\u00e7\u00e3o importante ou os olhos que brilham ao resolver um problema complicado, e os suspiros de al\u00edvio ao final de um dia produtivo.<\/p>\n\n\n\n<p>E porque n\u00e3o a busca incessante por um momento de celebra\u00e7\u00e3o, por mais simples que seja. As verdadeiras hist\u00f3rias que inspiram s\u00e3o as pequenas vit\u00f3rias pessoais que, sustentam as grandes vit\u00f3rias.<\/p>\n\n\n\n<p>A m\u00e3e que equilibra trabalho e fam\u00edlia, o jovem que foi o primeiro da sua fam\u00edlia a entrar na universidade, a equipe que ficou at\u00e9 tarde para entregar um projeto, n\u00e3o porque tinham que, mas porque acreditavam nele. O fator humano determina a intensidade com que fazemos as tarefas de nosso dia a dia.<\/p>\n\n\n\n<p>N\u00e3o s\u00e3o os produtos ou os servi\u00e7os que nos fazem parar para ler, mas as hist\u00f3rias de supera\u00e7\u00e3o, de<br>colabora\u00e7\u00e3o, de momentos genu\u00ednos de alegria e at\u00e9 de tristeza. S\u00e3o esses relatos que nos fazem sentir parte de algo maior. E s\u00e3o esses relatos pessoais que nos emocionam, nos cativam e nos fortalecem.<\/p>\n\n\n\n<p>Essa humaniza\u00e7\u00e3o no mundo corporativo \u00e9 a arte de tecer a ess\u00eancia humana no contexto das marcas e das empresas. \u00c9 criar um espa\u00e7o onde as pessoas n\u00e3o apenas trabalham, mas vivem, riem e crescem. \u00c9 entender que, no final do dia, s\u00e3o as hist\u00f3rias que contamos e as emo\u00e7\u00f5es que compartilhamos que construir\u00e3o o legado de uma empresa. E isso, mais do que qualquer produto ou servi\u00e7o. \u00c9 de fato o que fica na mem\u00f3ria das pessoas.<\/p>\n\n\n\n<p>Por tr\u00e1s dos CNPJ`s h\u00e1 sempre CPF\u2019s com os mesmos receios e anseios que aprendemos a conviver ao longo de todos os tempos.<\/p>\n\n\n\n<p>*Andr\u00e9 Pimentel, S\u00f3cio Diretor da Easy Pricing e apresentador do Podcast&nbsp;PodFaturar<\/p>\n","protected":false},"excerpt":{"rendered":"<p>Andr\u00e9 Pimentel No m\u00eas passado completei mais um ano de vida e ao expressar minha gratid\u00e3o \u00e0s in\u00fameras mensagensrecebidas, pude perceber quanto interesse desperta uma publica\u00e7\u00e3o de cunho pessoal frente a in\u00fameras postagens corporativas, por mais elaboradas e sofisticadas que sejam. As pessoas s\u00e3o naturalmente atra\u00eddas por narrativas que refletem suas pr\u00f3prias experi\u00eancias, emo\u00e7\u00f5es e [&hellip;]<\/p>\n","protected":false},"author":1,"featured_media":2607,"comment_status":"open","ping_status":"open","sticky":false,"template":"","format":"standard","meta":{"footnotes":""},"categories":[29],"tags":[],"class_list":["post-2606","post","type-post","status-publish","format-standard","has-post-thumbnail","hentry","category-artigos"],"_links":{"self":[{"href":"https:\/\/diarioparanaense.com\/index.php?rest_route=\/wp\/v2\/posts\/2606","targetHints":{"allow":["GET"]}}],"collection":[{"href":"https:\/\/diarioparanaense.com\/index.php?rest_route=\/wp\/v2\/posts"}],"about":[{"href":"https:\/\/diarioparanaense.com\/index.php?rest_route=\/wp\/v2\/types\/post"}],"author":[{"embeddable":true,"href":"https:\/\/diarioparanaense.com\/index.php?rest_route=\/wp\/v2\/users\/1"}],"replies":[{"embeddable":true,"href":"https:\/\/diarioparanaense.com\/index.php?rest_route=%2Fwp%2Fv2%2Fcomments&post=2606"}],"version-history":[{"count":1,"href":"https:\/\/diarioparanaense.com\/index.php?rest_route=\/wp\/v2\/posts\/2606\/revisions"}],"predecessor-version":[{"id":2608,"href":"https:\/\/diarioparanaense.com\/index.php?rest_route=\/wp\/v2\/posts\/2606\/revisions\/2608"}],"wp:featuredmedia":[{"embeddable":true,"href":"https:\/\/diarioparanaense.com\/index.php?rest_route=\/wp\/v2\/media\/2607"}],"wp:attachment":[{"href":"https:\/\/diarioparanaense.com\/index.php?rest_route=%2Fwp%2Fv2%2Fmedia&parent=2606"}],"wp:term":[{"taxonomy":"category","embeddable":true,"href":"https:\/\/diarioparanaense.com\/index.php?rest_route=%2Fwp%2Fv2%2Fcategories&post=2606"},{"taxonomy":"post_tag","embeddable":true,"href":"https:\/\/diarioparanaense.com\/index.php?rest_route=%2Fwp%2Fv2%2Ftags&post=2606"}],"curies":[{"name":"wp","href":"https:\/\/api.w.org\/{rel}","templated":true}]}}