{"id":2603,"date":"2024-05-09T10:13:52","date_gmt":"2024-05-09T13:13:52","guid":{"rendered":"https:\/\/diarioparanaense.com\/?p=2603"},"modified":"2024-05-09T10:13:52","modified_gmt":"2024-05-09T13:13:52","slug":"parque-das-pedreiras-tera-ponto-de-coleta-de-doacoes-para-o-rio-grande-do-sul","status":"publish","type":"post","link":"https:\/\/diarioparanaense.com\/?p=2603","title":{"rendered":"Parque das Pedreiras ter\u00e1 ponto de coleta de doa\u00e7\u00f5es para o Rio Grande do Sul"},"content":{"rendered":"\n<p>Campanha receber\u00e1 artigos como \u00e1gua pot\u00e1vel, alimentos n\u00e3o perec\u00edveis e cobertores<\/p>\n\n\n\n<p>As chuvas no Rio Grande do Sul afetaram 388 munic\u00edpios e 1,3 milh\u00e3o de pessoas, segundo dados da Defesa Civil do Estado. Para auxiliar essa popula\u00e7\u00e3o com itens b\u00e1sicos de alimenta\u00e7\u00e3o, hidrata\u00e7\u00e3o e higiene, o Parque das Pedreiras lan\u00e7ou a campanha \u201cParque das Pedreiras pelo Rio Grande do Sul\u201d. A a\u00e7\u00e3o envolve a \u00d3pera de Arame, a \u00d3pera Arte, Pedreira Paulo Leminski e Vale da M\u00fasica.<\/p>\n\n\n\n<p>O ponto de coleta come\u00e7ar\u00e1 a receber as doa\u00e7\u00f5es nessa quinta-feira (09), ao lado da bilheteria da \u00d3pera de Arame, na Rua Jo\u00e3o Gava 920, no bairro Abranches. As doa\u00e7\u00f5es ser\u00e3o recebidas de ter\u00e7a a domingo, das 10h \u00e0s 18h, e para doar, \u00e9 recomendado embalar e etiquetar cada item da contribui\u00e7\u00e3o, a fim de facilitar a identifica\u00e7\u00e3o e distribui\u00e7\u00e3o das doa\u00e7\u00f5es. A campanha receber\u00e1: \u00e1gua pot\u00e1vel, cobertores, produtos de higiene pessoal, alimentos n\u00e3o perec\u00edveis e ra\u00e7\u00f5es\u00a0para\u00a0pets.<\/p>\n\n\n\n<p class=\"has-medium-font-size\">Escola Atua\u00e7\u00e3o recebe doa\u00e7\u00f5es para o Rio Grande do Sul<\/p>\n\n\n\n<p>A Escola Atua\u00e7\u00e3o engaja as fam\u00edlias para ajudar a popula\u00e7\u00e3o afetada pelas chuvas no estado do Rio Grande do Sul. Durante a semana, as duas unidades da escola, no Santa Quit\u00e9ria e no Boqueir\u00e3o, receber\u00e3o doa\u00e7\u00f5es como: cobertores, roupas, materiais de limpeza, higiene e alimentos n\u00e3o perec\u00edveis.<\/p>\n\n\n\n<p>Todas as doa\u00e7\u00f5es ser\u00e3o encaminhadas para o Corpo de Bombeiros de Curitiba, que est\u00e1 auxiliando no envio destes recursos. Os pontos de coleta ficam na Rua Professor Ulisses Vieira, 2809, no bairro Santa Quit\u00e9ria, e na Rua Paulo Set\u00fabal, 3120, no bairro&nbsp;Boqueir\u00e3o.<\/p>\n","protected":false},"excerpt":{"rendered":"<p>Campanha receber\u00e1 artigos como \u00e1gua pot\u00e1vel, alimentos n\u00e3o perec\u00edveis e cobertores As chuvas no Rio Grande do Sul afetaram 388 munic\u00edpios e 1,3 milh\u00e3o de pessoas, segundo dados da Defesa Civil do Estado. Para auxiliar essa popula\u00e7\u00e3o com itens b\u00e1sicos de alimenta\u00e7\u00e3o, hidrata\u00e7\u00e3o e higiene, o Parque das Pedreiras lan\u00e7ou a campanha \u201cParque das Pedreiras [&hellip;]<\/p>\n","protected":false},"author":1,"featured_media":2604,"comment_status":"open","ping_status":"open","sticky":false,"template":"","format":"standard","meta":{"footnotes":""},"categories":[428],"tags":[],"class_list":["post-2603","post","type-post","status-publish","format-standard","has-post-thumbnail","hentry","category-brasil"],"_links":{"self":[{"href":"https:\/\/diarioparanaense.com\/index.php?rest_route=\/wp\/v2\/posts\/2603","targetHints":{"allow":["GET"]}}],"collection":[{"href":"https:\/\/diarioparanaense.com\/index.php?rest_route=\/wp\/v2\/posts"}],"about":[{"href":"https:\/\/diarioparanaense.com\/index.php?rest_route=\/wp\/v2\/types\/post"}],"author":[{"embeddable":true,"href":"https:\/\/diarioparanaense.com\/index.php?rest_route=\/wp\/v2\/users\/1"}],"replies":[{"embeddable":true,"href":"https:\/\/diarioparanaense.com\/index.php?rest_route=%2Fwp%2Fv2%2Fcomments&post=2603"}],"version-history":[{"count":1,"href":"https:\/\/diarioparanaense.com\/index.php?rest_route=\/wp\/v2\/posts\/2603\/revisions"}],"predecessor-version":[{"id":2605,"href":"https:\/\/diarioparanaense.com\/index.php?rest_route=\/wp\/v2\/posts\/2603\/revisions\/2605"}],"wp:featuredmedia":[{"embeddable":true,"href":"https:\/\/diarioparanaense.com\/index.php?rest_route=\/wp\/v2\/media\/2604"}],"wp:attachment":[{"href":"https:\/\/diarioparanaense.com\/index.php?rest_route=%2Fwp%2Fv2%2Fmedia&parent=2603"}],"wp:term":[{"taxonomy":"category","embeddable":true,"href":"https:\/\/diarioparanaense.com\/index.php?rest_route=%2Fwp%2Fv2%2Fcategories&post=2603"},{"taxonomy":"post_tag","embeddable":true,"href":"https:\/\/diarioparanaense.com\/index.php?rest_route=%2Fwp%2Fv2%2Ftags&post=2603"}],"curies":[{"name":"wp","href":"https:\/\/api.w.org\/{rel}","templated":true}]}}