{"id":2600,"date":"2024-05-09T10:06:48","date_gmt":"2024-05-09T13:06:48","guid":{"rendered":"https:\/\/diarioparanaense.com\/?p=2600"},"modified":"2024-05-09T10:06:48","modified_gmt":"2024-05-09T13:06:48","slug":"as-dores-de-ser-mae","status":"publish","type":"post","link":"https:\/\/diarioparanaense.com\/?p=2600","title":{"rendered":"As dores de ser m\u00e3e"},"content":{"rendered":"\n<p class=\"has-medium-font-size\">Como a microfisioterapia pode te auxiliar nas dores di\u00e1rias da maternidade<\/p>\n\n\n\n<p>No Dia das M\u00e3es, uma data t\u00e3o especial para celebrar o amor e a dedica\u00e7\u00e3o materna, \u00e9 importante destacar t\u00e9cnicas terap\u00eauticas que podem contribuir para o bem-estar e a sa\u00fade das m\u00e3es. Uma dessas t\u00e9cnicas \u00e9 a microfisioterapia, uma abordagem inovadora que busca identificar e tratar as causas emocionais e f\u00edsicas de diversas doen\u00e7as e disfun\u00e7\u00f5es.<\/p>\n\n\n\n<p>Ser m\u00e3e envolve uma s\u00e9rie de demandas f\u00edsicas e emocionais, que podem deixar marcas no corpo e na mente. A sobrecarga f\u00edsica, as noites mal dormidas, as posturas inadequadas durante a amamenta\u00e7\u00e3o ou a rotina intensa de cuidados com os filhos podem causar dores musculares, problemas posturais e at\u00e9 mesmo les\u00f5es. Al\u00e9m disso, o estresse, a ansiedade e as preocupa\u00e7\u00f5es constantes relacionadas \u00e0 maternidade podem afetar o estado emocional das m\u00e3es, levando a sintomas como irritabilidade, cansa\u00e7o excessivo e at\u00e9 mesmo quadros de depress\u00e3o.<\/p>\n\n\n\n<p>&#8220;A microfisioterapia atua de forma global, considerando tanto os aspectos f\u00edsicos quanto os emocionais da m\u00e3e. Atrav\u00e9s do mapeamento corporal, os terapeutas identificam os traumas f\u00edsicos e emocionais que ficaram registrados nas c\u00e9lulas do organismo, desencadeando sintomas e doen\u00e7as. Dessa forma, a t\u00e9cnica busca tratar as causas desses danos, promovendo a libera\u00e7\u00e3o de emo\u00e7\u00f5es represadas e estimulando o sistema de autocura do corpo&#8221;, diz a fisioterapeuta especializada em microfisioterapia P\u00e9rcya Bacilla Nery.<\/p>\n\n\n\n<p>No caso dos danos f\u00edsicos, a microfisioterapia pode auxiliar no al\u00edvio das dores musculares, no tratamento de les\u00f5es e na melhora da postura. Atrav\u00e9s dos toques sutis e precisos, a t\u00e9cnica estimula a regenera\u00e7\u00e3o dos tecidos e promove o equil\u00edbrio muscular, ajudando as m\u00e3es a se recuperarem de forma mais r\u00e1pida e eficaz.<\/p>\n\n\n\n<p>&#8220;J\u00e1 em rela\u00e7\u00e3o aos danos psicol\u00f3gicos, o tratamento atua na libera\u00e7\u00e3o de traumas emocionais, como o estresse da maternidade, eventos traum\u00e1ticos do passado ou at\u00e9 mesmo quest\u00f5es relacionadas \u00e0 pr\u00f3pria rela\u00e7\u00e3o com os filhos. Ao liberar esses traumas, a t\u00e9cnica promove um al\u00edvio emocional significativo, auxiliando as m\u00e3es a lidarem de forma mais saud\u00e1vel com suas emo\u00e7\u00f5es, reduzindo o estresse e a ansiedade&#8221;, diz a especialista.<\/p>\n\n\n\n<p>\u00c9 importante ressaltar que a microfioterapia n\u00e3o substitui o acompanhamento m\u00e9dico e psicol\u00f3gico tradicional, mas sim complementa e potencializa os resultados. A abordagem terap\u00eautica busca tratar a causa dos sintomas, levando em considera\u00e7\u00e3o a integralidade do ser humano. Dessa forma, a microfisioterapia pode ser uma ferramenta eficaz para ajudar as m\u00e3es a superarem os danos f\u00edsicos e psicol\u00f3gicos decorrentes da maternidade, promovendo uma maior qualidade de vida e bem-estar.<\/p>\n\n\n\n<p>No Dia das M\u00e3es, podemos valorizar e cuidar dessas mulheres especiais, oferecendo-lhes n\u00e3o apenas amor e gratid\u00e3o, mas tamb\u00e9m a possibilidade de uma vida plena e saud\u00e1vel atrav\u00e9s da microfisioterapia.<\/p>\n\n\n\n<p><strong>Servi\u00e7o: Percyafisio<br><\/strong>Dra P\u00e9rcya Bacilla Nery<br>Fisioterapeuta<br>(41) 99181-9944<br>@percya.fisio<br>bacillanery@yahoo.com.br<br><a href=\"https:\/\/percyafisio.com.br\n\">https:\/\/percyafisio.com.br<br><\/a>Rua Lamenha Lins, 266 , Cj. 56 \u2013 Centro\u2013\u00a0Curitiba\u00a0\u2013\u00a0PR<\/p>\n","protected":false},"excerpt":{"rendered":"<p>Como a microfisioterapia pode te auxiliar nas dores di\u00e1rias da maternidade No Dia das M\u00e3es, uma data t\u00e3o especial para celebrar o amor e a dedica\u00e7\u00e3o materna, \u00e9 importante destacar t\u00e9cnicas terap\u00eauticas que podem contribuir para o bem-estar e a sa\u00fade das m\u00e3es. Uma dessas t\u00e9cnicas \u00e9 a microfisioterapia, uma abordagem inovadora que busca identificar [&hellip;]<\/p>\n","protected":false},"author":1,"featured_media":2601,"comment_status":"open","ping_status":"open","sticky":false,"template":"","format":"standard","meta":{"footnotes":""},"categories":[29],"tags":[],"class_list":["post-2600","post","type-post","status-publish","format-standard","has-post-thumbnail","hentry","category-artigos"],"_links":{"self":[{"href":"https:\/\/diarioparanaense.com\/index.php?rest_route=\/wp\/v2\/posts\/2600","targetHints":{"allow":["GET"]}}],"collection":[{"href":"https:\/\/diarioparanaense.com\/index.php?rest_route=\/wp\/v2\/posts"}],"about":[{"href":"https:\/\/diarioparanaense.com\/index.php?rest_route=\/wp\/v2\/types\/post"}],"author":[{"embeddable":true,"href":"https:\/\/diarioparanaense.com\/index.php?rest_route=\/wp\/v2\/users\/1"}],"replies":[{"embeddable":true,"href":"https:\/\/diarioparanaense.com\/index.php?rest_route=%2Fwp%2Fv2%2Fcomments&post=2600"}],"version-history":[{"count":1,"href":"https:\/\/diarioparanaense.com\/index.php?rest_route=\/wp\/v2\/posts\/2600\/revisions"}],"predecessor-version":[{"id":2602,"href":"https:\/\/diarioparanaense.com\/index.php?rest_route=\/wp\/v2\/posts\/2600\/revisions\/2602"}],"wp:featuredmedia":[{"embeddable":true,"href":"https:\/\/diarioparanaense.com\/index.php?rest_route=\/wp\/v2\/media\/2601"}],"wp:attachment":[{"href":"https:\/\/diarioparanaense.com\/index.php?rest_route=%2Fwp%2Fv2%2Fmedia&parent=2600"}],"wp:term":[{"taxonomy":"category","embeddable":true,"href":"https:\/\/diarioparanaense.com\/index.php?rest_route=%2Fwp%2Fv2%2Fcategories&post=2600"},{"taxonomy":"post_tag","embeddable":true,"href":"https:\/\/diarioparanaense.com\/index.php?rest_route=%2Fwp%2Fv2%2Ftags&post=2600"}],"curies":[{"name":"wp","href":"https:\/\/api.w.org\/{rel}","templated":true}]}}