{"id":2575,"date":"2024-04-30T16:47:09","date_gmt":"2024-04-30T19:47:09","guid":{"rendered":"https:\/\/diarioparanaense.com\/?p=2575"},"modified":"2024-04-30T16:47:10","modified_gmt":"2024-04-30T19:47:10","slug":"anuncio-fisico-ainda-e-estrategia-para-alavancar-as-vendas-no-mercado-imobiliario","status":"publish","type":"post","link":"https:\/\/diarioparanaense.com\/?p=2575","title":{"rendered":"An\u00fancio f\u00edsico ainda \u00e9 estrat\u00e9gia para alavancar as vendas no mercado imobili\u00e1rio"},"content":{"rendered":"\n<p class=\"has-medium-font-size\">Apolar Im\u00f3veis destaca os benef\u00edcios e a aplicabilidade do formato utilizado<\/p>\n\n\n\n<p>Entre as estrat\u00e9gias de venda utilizadas no meio imobili\u00e1rio, o marketing digital e a gera\u00e7\u00e3o de leads s\u00e3o pontos muito levantados atualmente. No entanto, na pr\u00e1tica da corretagem de im\u00f3veis, as placas f\u00edsicas ainda s\u00e3o muito utilizadas. Uma forma pr\u00e1tica e direta de atingir o p\u00fablico-alvo, os an\u00fancios f\u00edsicos se tornaram um h\u00e1bito para os brasileiros e n\u00e3o deixaram as fachadas e janelas mesmo com o boom da era digital.<\/p>\n\n\n\n<p>Em um edif\u00edcio que n\u00e3o conta com placas de an\u00fancios de venda ou aluguel, o transeunte logo conclui que n\u00e3o h\u00e1 nenhum im\u00f3vel dispon\u00edvel no local. Por isso, muitos corretores investem na modalidade para alavancar as vendas e ampliar o alcance na divulga\u00e7\u00e3o.<\/p>\n\n\n\n<p>Segundo Iury Padua, franqueado da Apolar Im\u00f3veis, as placas f\u00edsicas, hoje em dia, s\u00e3o essenciais para os resultados no setor imobili\u00e1rio. \u201cAcredito que sejam t\u00e3o importantes quanto o site, pois as pessoas que circulam na regi\u00e3o as visualizam\u201d, adiciona. Na unidade em que atua, localizada na regi\u00e3o central de Curitiba, cerca de 90% dos im\u00f3veis s\u00e3o anunciados com estrat\u00e9gias complementares de divulga\u00e7\u00e3o que incluem as placas fixadas no pr\u00f3prio im\u00f3vel.<\/p>\n\n\n\n<p>Esse tipo de abordagem \u00e9 voltado a diferentes p\u00fablicos, uma vez que pode impactar um jovem que tenderia a procurar por im\u00f3veis de forma on-line, mas que se interessa pelo edif\u00edcio ou pela localiza\u00e7\u00e3o onde viu a placa da imobili\u00e1ria. \u201cO alcance da visualiza\u00e7\u00e3o atinge todos que est\u00e3o circulando pelas ruas, seja andando ou dirigindo. Al\u00e9m disso, a placa j\u00e1 demonstra a real localiza\u00e7\u00e3o do im\u00f3vel, diferentemente de um an\u00fancio na internet, em que se torna necess\u00e1rio localizar em um mapa ou at\u00e9 mesmo ir presencialmente at\u00e9 o im\u00f3vel\u201d, observa o franqueado.<\/p>\n\n\n\n<p>Vista a efetividade do formato, a tend\u00eancia de uso de placas f\u00edsicas no mercado imobili\u00e1rio deve se manter nos pr\u00f3ximos anos, de acordo com Padua, devido ao amplo alcance \u00e0 praticidade. \u201cHoje, ainda recebemos muitas liga\u00e7\u00f5es com solicita\u00e7\u00f5es de informa\u00e7\u00f5es referentes a um im\u00f3vel espec\u00edfico que algu\u00e9m passou na frente e visualizou a placa. Acredito que isso \u00e9 exatamente o retorno da facilidade que a placa proporciona\u201d,&nbsp;finaliza.<\/p>\n","protected":false},"excerpt":{"rendered":"<p>Apolar Im\u00f3veis destaca os benef\u00edcios e a aplicabilidade do formato utilizado Entre as estrat\u00e9gias de venda utilizadas no meio imobili\u00e1rio, o marketing digital e a gera\u00e7\u00e3o de leads s\u00e3o pontos muito levantados atualmente. No entanto, na pr\u00e1tica da corretagem de im\u00f3veis, as placas f\u00edsicas ainda s\u00e3o muito utilizadas. Uma forma pr\u00e1tica e direta de atingir [&hellip;]<\/p>\n","protected":false},"author":1,"featured_media":2576,"comment_status":"open","ping_status":"open","sticky":false,"template":"","format":"standard","meta":{"footnotes":""},"categories":[324],"tags":[],"class_list":["post-2575","post","type-post","status-publish","format-standard","has-post-thumbnail","hentry","category-negocios"],"_links":{"self":[{"href":"https:\/\/diarioparanaense.com\/index.php?rest_route=\/wp\/v2\/posts\/2575","targetHints":{"allow":["GET"]}}],"collection":[{"href":"https:\/\/diarioparanaense.com\/index.php?rest_route=\/wp\/v2\/posts"}],"about":[{"href":"https:\/\/diarioparanaense.com\/index.php?rest_route=\/wp\/v2\/types\/post"}],"author":[{"embeddable":true,"href":"https:\/\/diarioparanaense.com\/index.php?rest_route=\/wp\/v2\/users\/1"}],"replies":[{"embeddable":true,"href":"https:\/\/diarioparanaense.com\/index.php?rest_route=%2Fwp%2Fv2%2Fcomments&post=2575"}],"version-history":[{"count":1,"href":"https:\/\/diarioparanaense.com\/index.php?rest_route=\/wp\/v2\/posts\/2575\/revisions"}],"predecessor-version":[{"id":2577,"href":"https:\/\/diarioparanaense.com\/index.php?rest_route=\/wp\/v2\/posts\/2575\/revisions\/2577"}],"wp:featuredmedia":[{"embeddable":true,"href":"https:\/\/diarioparanaense.com\/index.php?rest_route=\/wp\/v2\/media\/2576"}],"wp:attachment":[{"href":"https:\/\/diarioparanaense.com\/index.php?rest_route=%2Fwp%2Fv2%2Fmedia&parent=2575"}],"wp:term":[{"taxonomy":"category","embeddable":true,"href":"https:\/\/diarioparanaense.com\/index.php?rest_route=%2Fwp%2Fv2%2Fcategories&post=2575"},{"taxonomy":"post_tag","embeddable":true,"href":"https:\/\/diarioparanaense.com\/index.php?rest_route=%2Fwp%2Fv2%2Ftags&post=2575"}],"curies":[{"name":"wp","href":"https:\/\/api.w.org\/{rel}","templated":true}]}}