{"id":2561,"date":"2024-04-30T16:39:57","date_gmt":"2024-04-30T19:39:57","guid":{"rendered":"https:\/\/diarioparanaense.com\/?p=2561"},"modified":"2024-04-30T16:39:57","modified_gmt":"2024-04-30T19:39:57","slug":"como-formar-um-ambiente-de-trabalho-inclusivo","status":"publish","type":"post","link":"https:\/\/diarioparanaense.com\/?p=2561","title":{"rendered":"Como formar um ambiente de trabalho inclusivo"},"content":{"rendered":"\n<p class=\"has-medium-font-size\">Dia do Trabalhador tamb\u00e9m \u00e9 dia de inclus\u00e3o<\/p>\n\n\n\n<p>A inclus\u00e3o no mercado de trabalho \u00e9 um tema cada vez mais discutido e importante para garantir oportunidades iguais para todas as pessoas, independentemente de suas habilidades, caracter\u00edsticas ou experi\u00eancias. E neste Dia do Trabalhador para criar um ambiente de trabalho inclusivo, as empresas e organiza\u00e7\u00f5es devem pensar em como adotar pr\u00e1ticas inclusivas durante todo o processo de contrata\u00e7\u00e3o e gest\u00e3o de colaboradores.<\/p>\n\n\n\n<p>Pedimos ajuda ao Eduardo Ramires criador da Broder, uma empresa que auxilia outros neg\u00f3cios a se tornarem mais inclusivos. &#8220;Um dos tipos mais comuns de inclus\u00e3o \u00e9 a inclus\u00e3o de pessoas com defici\u00eancia, que \u00e9 garantida pela Lei das Cotas. Essa legisla\u00e7\u00e3o estabelece a obrigatoriedade de empresas com mais de 100 funcion\u00e1rios contratarem uma porcentagem de pessoas com defici\u00eancia. Al\u00e9m disso, \u00e9 fundamental que as empresas ofere\u00e7am condi\u00e7\u00f5es adequadas de trabalho para essas pessoas, como acessibilidade e adapta\u00e7\u00f5es no ambiente profissional&#8221;.<\/p>\n\n\n\n<p>Outro tipo de inclus\u00e3o importante \u00e9 a inclus\u00e3o de minorias raciais. Muitas empresas ainda apresentam uma cultura que valoriza apenas determinados grupos e estilos de trabalho. Por isso, \u00e9 essencial que as empresas adotem pol\u00edticas de diversidade e inclus\u00e3o, que valorizem a diferen\u00e7a e promovam a igualdade de oportunidades.<\/p>\n\n\n\n<p>Uma pesquisa mostrou que as organiza\u00e7\u00f5es que desejam se tornar mais inovadoras precisam investir em diversidade e inclus\u00e3o. Empresas inclusivas estabelecem culturas inovadoras em seu ambiente organizacional, e colaboradores se sentem mais encorajados a assumir riscos e a explorar novas ideias, sem encontrar barreiras para a criatividade.<\/p>\n\n\n\n<p>&#8220;Trabalhar em meio a essa diversidade significa contar com uma m\u00e3o de obra multicultural, formando um time com pluralidade de g\u00eanero, etnia, orienta\u00e7\u00e3o sexual, cren\u00e7as, faixa et\u00e1ria e defici\u00eancias. No entanto, a diversidade por si s\u00f3 n\u00e3o garante a inclus\u00e3o desses grupos nos ambientes de trabalho. A inclus\u00e3o significa adotar pol\u00edticas e processos que desenvolvam habilidades profissionais de todos igualmente, levando em conta a individualidade de cada pessoa e sua viv\u00eancia&#8221;, diz Eduardo Ramires.<\/p>\n\n\n\n<p>Pensando nisso transformar uma cultura empresarial pode parecer dif\u00edcil, mas existem algumas a\u00e7\u00f5es fundamentais que podem ajudar nesse processo. \u00c9 importante produzir conte\u00fados para todos os canais com uma linguagem inclusiva, ter representatividade nos materiais utilizados, realizar capacita\u00e7\u00e3o e sensibiliza\u00e7\u00e3o da equipe e aplicar boas pr\u00e1ticas de acessibilidade em todas as \u00e1reas de comunica\u00e7\u00e3o interna e externa.<\/p>\n\n\n\n<p>Um bom in\u00edcio \u00e9 no processo seletivo, onde n\u00e3o se pode esquecer de garantir que todos os candidatos tenham acesso igualit\u00e1rio e sem barreiras. A equipe respons\u00e1vel pelo recrutamento deve garantir que todos participem do processo de forma justa. Al\u00e9m disso, \u00e9 fundamental que os profissionais de Recursos Humanos se capacitem para lidar com a diversidade e garantir que a contrata\u00e7\u00e3o seja baseada nas compet\u00eancias dos candidatos.<\/p>\n\n\n\n<p>A inclus\u00e3o no ambiente de trabalho \u00e9 uma jornada cont\u00ednua e envolve o compromisso de toda a organiza\u00e7\u00e3o. Ao promover a diversidade e a inclus\u00e3o, as empresas criam ambientes mais inovadores, colaborativos e igualit\u00e1rios, contribuindo para o desenvolvimento de todos os colaboradores e para o sucesso da empresa como um todo.<\/p>\n\n\n\n<p><strong>Servi\u00e7o<\/strong>: Broder<br><strong>Eduardo Ramires<br><\/strong>Voc\u00ea e seus familiares sempre amparados<br>Chame um broder: (41) 99773-1510<br>contato@broder.app<br><strong>Instagram<\/strong>: @broderapp<br>Site: <a href=\"https:\/\/broder.app\">https:\/\/broder.app<\/a><\/p>\n","protected":false},"excerpt":{"rendered":"<p>Dia do Trabalhador tamb\u00e9m \u00e9 dia de inclus\u00e3o A inclus\u00e3o no mercado de trabalho \u00e9 um tema cada vez mais discutido e importante para garantir oportunidades iguais para todas as pessoas, independentemente de suas habilidades, caracter\u00edsticas ou experi\u00eancias. E neste Dia do Trabalhador para criar um ambiente de trabalho inclusivo, as empresas e organiza\u00e7\u00f5es devem [&hellip;]<\/p>\n","protected":false},"author":1,"featured_media":2565,"comment_status":"open","ping_status":"open","sticky":false,"template":"","format":"standard","meta":{"footnotes":""},"categories":[29],"tags":[],"class_list":["post-2561","post","type-post","status-publish","format-standard","has-post-thumbnail","hentry","category-artigos"],"_links":{"self":[{"href":"https:\/\/diarioparanaense.com\/index.php?rest_route=\/wp\/v2\/posts\/2561","targetHints":{"allow":["GET"]}}],"collection":[{"href":"https:\/\/diarioparanaense.com\/index.php?rest_route=\/wp\/v2\/posts"}],"about":[{"href":"https:\/\/diarioparanaense.com\/index.php?rest_route=\/wp\/v2\/types\/post"}],"author":[{"embeddable":true,"href":"https:\/\/diarioparanaense.com\/index.php?rest_route=\/wp\/v2\/users\/1"}],"replies":[{"embeddable":true,"href":"https:\/\/diarioparanaense.com\/index.php?rest_route=%2Fwp%2Fv2%2Fcomments&post=2561"}],"version-history":[{"count":1,"href":"https:\/\/diarioparanaense.com\/index.php?rest_route=\/wp\/v2\/posts\/2561\/revisions"}],"predecessor-version":[{"id":2566,"href":"https:\/\/diarioparanaense.com\/index.php?rest_route=\/wp\/v2\/posts\/2561\/revisions\/2566"}],"wp:featuredmedia":[{"embeddable":true,"href":"https:\/\/diarioparanaense.com\/index.php?rest_route=\/wp\/v2\/media\/2565"}],"wp:attachment":[{"href":"https:\/\/diarioparanaense.com\/index.php?rest_route=%2Fwp%2Fv2%2Fmedia&parent=2561"}],"wp:term":[{"taxonomy":"category","embeddable":true,"href":"https:\/\/diarioparanaense.com\/index.php?rest_route=%2Fwp%2Fv2%2Fcategories&post=2561"},{"taxonomy":"post_tag","embeddable":true,"href":"https:\/\/diarioparanaense.com\/index.php?rest_route=%2Fwp%2Fv2%2Ftags&post=2561"}],"curies":[{"name":"wp","href":"https:\/\/api.w.org\/{rel}","templated":true}]}}