{"id":2560,"date":"2024-04-30T16:41:24","date_gmt":"2024-04-30T19:41:24","guid":{"rendered":"https:\/\/diarioparanaense.com\/?p=2560"},"modified":"2024-04-30T16:41:25","modified_gmt":"2024-04-30T19:41:25","slug":"a-chave-para-imagem-profissional-perfeita-2","status":"publish","type":"post","link":"https:\/\/diarioparanaense.com\/?p=2560","title":{"rendered":"A chave para imagem profissional perfeita"},"content":{"rendered":"\n<p class=\"has-medium-font-size\">Como a gest\u00e3o de tempo pode salvar sua produtividade<\/p>\n\n\n\n<p>No dia do trabalhador, \u00e9 importante refletir sobre a import\u00e2ncia da adequada gest\u00e3o do tempo no ambiente corporativo. A habilidade de gerenciar o tempo de forma consciente permite ao profissional construir uma imagem individual mais eficiente e produtiva.<\/p>\n\n\n\n<p>Muitas vezes, a justificativa de falta de tempo para o n\u00e3o cumprimento de prazos \u00e9 mal avaliada tanto pelos gestores quanto pelos colegas de trabalho. No entanto, o compromisso com o gerenciamento consciente do tempo tem o poder de transformar o pensamento do profissional, tornando sua atitude mais positiva e focada.<\/p>\n\n\n\n<p>Al\u00e9m de atender melhor \u00e0s metas, a entrega de tarefas no prazo evita o ac\u00famulo de atividades e novos atrasos, o que por sua vez reduz o estresse e melhora a qualidade de vida. A gest\u00e3o eficiente do tempo tamb\u00e9m permite tomar decis\u00f5es mais assertivas.<\/p>\n\n\n\n<p>No entanto, para alcan\u00e7ar um patamar eficiente na gest\u00e3o do tempo no trabalho, \u00e9 preciso eliminar h\u00e1bitos que afetam negativamente o desempenho. S\u00e3o os chamados &#8220;ladr\u00f5es de tempo&#8221; no ambiente corporativo.<\/p>\n\n\n\n<p>Um exemplo comum s\u00e3o as redes sociais. Embora n\u00e3o sejam necessariamente o problema, a forma como as utilizamos pode ser prejudicial. O uso excessivo dessas plataformas desvia o foco e consome tempo que muitas vezes n\u00e3o \u00e9 considerado. Pesquisas mostram que cada interrup\u00e7\u00e3o nas redes sociais pode levar at\u00e9 25 minutos para retomar a concentra\u00e7\u00e3o.<\/p>\n\n\n\n<p>Outro fator que afeta a gest\u00e3o do tempo \u00e9 o contato constante com a fam\u00edlia durante o expediente. Embora seja importante manter uma conex\u00e3o com os entes queridos, \u00e9 fundamental estabelecer limites para evitar distra\u00e7\u00f5es desnecess\u00e1rias.<\/p>\n\n\n\n<p>As reuni\u00f5es tamb\u00e9m podem afetar a efici\u00eancia dos profissionais. A falta de uma pauta clara e registros adequados das delibera\u00e7\u00f5es pode resultar em encontros improdutivos e desperd\u00edcio de tempo para todos os envolvidos.<\/p>\n\n\n\n<p>Al\u00e9m disso, a constante consulta de e-mails e mensagens no WhatsApp tamb\u00e9m s\u00e3o ladr\u00f5es de tempo. A fragmenta\u00e7\u00e3o das atividades e a depend\u00eancia de outras pessoas para o gerenciamento da agenda dificultam o estabelecimento de prioridades.<\/p>\n\n\n\n<p>Nas \u00faltimas d\u00e9cadas, temos percebido um aumento na import\u00e2ncia dada ao tempo nas decis\u00f5es. A competi\u00e7\u00e3o global, a acelera\u00e7\u00e3o das atividades e as press\u00f5es dos relacionamentos t\u00eam contribu\u00eddo para isso.<\/p>\n\n\n\n<p>Antes da era digital, as lacunas de tempo eram compreendidas e respeitadas durante a realiza\u00e7\u00e3o das tarefas. No entanto, a onipresen\u00e7a da informa\u00e7\u00e3o e o uso generalizado de smartphones transformaram esses intervalos em oportunidades produtivas.<\/p>\n\n\n\n<p>A tecnologia atual permite que atividades como envio de e-mails, conclus\u00e3o de relat\u00f3rios e at\u00e9 mesmo cursos online sejam realizados durante o tempo de deslocamento, por exemplo. No entanto, essa facilidade tamb\u00e9m pode confundir as prioridades e sacrificar elementos essenciais para o equil\u00edbrio entre trabalho, fam\u00edlia e lazer.<\/p>\n\n\n\n<p>\u00c9 por isso que a gest\u00e3o do tempo no trabalho \u00e9 t\u00e3o importante. Ela proporciona clareza nas escolhas, permite dedicar tempo ao trabalho de forma produtiva e focada, e possibilita que, ao final do dia, possamos desligar e voltar nossa aten\u00e7\u00e3o para os relacionamentos, fam\u00edlia e lazer, sem nenhum sentimento de culpa.<\/p>\n\n\n\n<p>Assumir o controle sobre o nosso tempo \u00e9 um compromisso de fazer o nosso melhor dentro do espa\u00e7o definido para cada momento. A gest\u00e3o eficiente do tempo n\u00e3o apenas melhora a produtividade, mas tamb\u00e9m contribui para uma imagem profissional eficiente e uma vida equilibrada.<\/p>\n\n\n\n<p><strong>SERVI\u00c7O<\/strong>: <strong>Expertise Talks Educa\u00e7\u00e3o Corporativa<\/strong><br>Enzo J\u00fanior<br>Gestor da Expertise Talks<br>41 98856 1056<br><strong>@enzojunior.oficial<br><\/strong>contato.expertisetalks@gmail.com<br>Curitiba-PR<\/p>\n","protected":false},"excerpt":{"rendered":"<p>Como a gest\u00e3o de tempo pode salvar sua produtividade No dia do trabalhador, \u00e9 importante refletir sobre a import\u00e2ncia da adequada gest\u00e3o do tempo no ambiente corporativo. A habilidade de gerenciar o tempo de forma consciente permite ao profissional construir uma imagem individual mais eficiente e produtiva. Muitas vezes, a justificativa de falta de tempo [&hellip;]<\/p>\n","protected":false},"author":1,"featured_media":2567,"comment_status":"open","ping_status":"open","sticky":false,"template":"","format":"standard","meta":{"footnotes":""},"categories":[29],"tags":[],"class_list":["post-2560","post","type-post","status-publish","format-standard","has-post-thumbnail","hentry","category-artigos"],"_links":{"self":[{"href":"https:\/\/diarioparanaense.com\/index.php?rest_route=\/wp\/v2\/posts\/2560","targetHints":{"allow":["GET"]}}],"collection":[{"href":"https:\/\/diarioparanaense.com\/index.php?rest_route=\/wp\/v2\/posts"}],"about":[{"href":"https:\/\/diarioparanaense.com\/index.php?rest_route=\/wp\/v2\/types\/post"}],"author":[{"embeddable":true,"href":"https:\/\/diarioparanaense.com\/index.php?rest_route=\/wp\/v2\/users\/1"}],"replies":[{"embeddable":true,"href":"https:\/\/diarioparanaense.com\/index.php?rest_route=%2Fwp%2Fv2%2Fcomments&post=2560"}],"version-history":[{"count":1,"href":"https:\/\/diarioparanaense.com\/index.php?rest_route=\/wp\/v2\/posts\/2560\/revisions"}],"predecessor-version":[{"id":2568,"href":"https:\/\/diarioparanaense.com\/index.php?rest_route=\/wp\/v2\/posts\/2560\/revisions\/2568"}],"wp:featuredmedia":[{"embeddable":true,"href":"https:\/\/diarioparanaense.com\/index.php?rest_route=\/wp\/v2\/media\/2567"}],"wp:attachment":[{"href":"https:\/\/diarioparanaense.com\/index.php?rest_route=%2Fwp%2Fv2%2Fmedia&parent=2560"}],"wp:term":[{"taxonomy":"category","embeddable":true,"href":"https:\/\/diarioparanaense.com\/index.php?rest_route=%2Fwp%2Fv2%2Fcategories&post=2560"},{"taxonomy":"post_tag","embeddable":true,"href":"https:\/\/diarioparanaense.com\/index.php?rest_route=%2Fwp%2Fv2%2Ftags&post=2560"}],"curies":[{"name":"wp","href":"https:\/\/api.w.org\/{rel}","templated":true}]}}